{"id":19604,"date":"2026-03-05T07:54:43","date_gmt":"2026-03-05T06:54:43","guid":{"rendered":"https:\/\/www.mathier.com\/blog\/vanja-mathier-im-interview\/"},"modified":"2026-03-17T15:11:17","modified_gmt":"2026-03-17T14:11:17","slug":"vanja-mathier-im-interview","status":"publish","type":"post","link":"https:\/\/www.mathier.com\/fr\/blog\/vanja-mathier-im-interview\/","title":{"rendered":"Entretien avec Vanja Mathier"},"content":{"rendered":"\n<h2 class=\"wp-block-heading\" style=\"font-size:1.75rem\">Vanja Mathier sur l&rsquo;histoire, le patrimoine et la durabilit\u00e9<\/h2>\n\n<figure class=\"wp-block-embed is-type-video is-provider-youtube wp-block-embed-youtube wp-embed-aspect-16-9 wp-has-aspect-ratio\" style=\"margin-top:20px;margin-bottom:20px\"><div class=\"wp-block-embed__wrapper\">\n<iframe title=\"Mathier TV | Vanja Mathier \u00fcber Geschichte, Heimat und Nachhaltigkeit\" width=\"800\" height=\"450\" src=\"https:\/\/www.youtube.com\/embed\/Ej0SG6lbMjg?feature=oembed\" frameborder=\"0\" allow=\"accelerometer; autoplay; clipboard-write; encrypted-media; gyroscope; picture-in-picture; web-share\" referrerpolicy=\"strict-origin-when-cross-origin\" allowfullscreen><\/iframe>\n<\/div><\/figure>\n\n<p>Cinq g\u00e9n\u00e9rations d&rsquo;histoire familiale &#8211; et une jeune femme qui regarde vers l&rsquo;avenir avec c\u0153ur et clairvoyance : Vanja Mathier fait partie de la cinqui\u00e8me g\u00e9n\u00e9ration de l&rsquo;entreprise familiale et apporte une nouvelle impulsion \u00e0 la cave.<\/p>\n\n<p>Enfant, elle parcourait d\u00e9j\u00e0 les caves et les magasins avec ses parents et sa grand-m\u00e8re. Les odeurs famili\u00e8res, les rencontres avec les clients et le sentiment de communaut\u00e9 l&rsquo;ont tr\u00e8s t\u00f4t marqu\u00e9e. Ce qui a commenc\u00e9 \u00e0 l&rsquo;\u00e9poque comme un jeu est devenu aujourd&rsquo;hui une vocation : Vanja organise des \u00e9v\u00e9nements, participe \u00e0 l&rsquo;am\u00e9nagement de sites ext\u00e9rieurs et participe aux activit\u00e9s op\u00e9rationnelles de l&rsquo;entreprise.  <\/p>\n\n<p>Pour eux, l&rsquo;entreprise signifie avant tout une chose : la maison. Un lieu plein de souvenirs &#8211; et en m\u00eame temps un espace pour en cr\u00e9er de nouveaux. <\/p>\n\n<p>Le th\u00e8me de la durabilit\u00e9 est particuli\u00e8rement important pour elle. Pour Vanja, il ne s&rsquo;agit pas d&rsquo;une tendance, mais d&rsquo;une responsabilit\u00e9 envers la nature, la famille et les g\u00e9n\u00e9rations futures. Depuis toujours, l&rsquo;entreprise est \u00e9troitement li\u00e9e \u00e0 la nature &#8211; et c&rsquo;est pr\u00e9cis\u00e9ment cette interaction respectueuse qu&rsquo;elle souhaite perp\u00e9tuer.  <\/p>\n\n<p>Avec son attachement \u00e0 l&rsquo;histoire et son regard clair vers l&rsquo;avenir, Vanja Mathier est embl\u00e9matique de la prochaine g\u00e9n\u00e9ration : enracin\u00e9e dans la tradition et ouverte \u00e0 la nouveaut\u00e9.<\/p>\n\n<p><\/p>\n","protected":false},"excerpt":{"rendered":"<p>Entretien avec Vanja Mathier : La prochaine g\u00e9n\u00e9ration de la cave \u00e0 vin parle de tradition, de nature et d&rsquo;avenir.<\/p>\n","protected":false},"author":3,"featured_media":18292,"comment_status":"closed","ping_status":"closed","sticky":false,"template":"","format":"standard","meta":{"footnotes":""},"categories":[161],"tags":[178],"class_list":["post-19604","post","type-post","status-publish","format-standard","has-post-thumbnail","hentry","category-magazine-du-vin","tag-famille"],"_links":{"self":[{"href":"https:\/\/www.mathier.com\/fr\/wp-json\/wp\/v2\/posts\/19604","targetHints":{"allow":["GET"]}}],"collection":[{"href":"https:\/\/www.mathier.com\/fr\/wp-json\/wp\/v2\/posts"}],"about":[{"href":"https:\/\/www.mathier.com\/fr\/wp-json\/wp\/v2\/types\/post"}],"author":[{"embeddable":true,"href":"https:\/\/www.mathier.com\/fr\/wp-json\/wp\/v2\/users\/3"}],"replies":[{"embeddable":true,"href":"https:\/\/www.mathier.com\/fr\/wp-json\/wp\/v2\/comments?post=19604"}],"version-history":[{"count":4,"href":"https:\/\/www.mathier.com\/fr\/wp-json\/wp\/v2\/posts\/19604\/revisions"}],"predecessor-version":[{"id":19662,"href":"https:\/\/www.mathier.com\/fr\/wp-json\/wp\/v2\/posts\/19604\/revisions\/19662"}],"wp:featuredmedia":[{"embeddable":true,"href":"https:\/\/www.mathier.com\/fr\/wp-json\/wp\/v2\/media\/18292"}],"wp:attachment":[{"href":"https:\/\/www.mathier.com\/fr\/wp-json\/wp\/v2\/media?parent=19604"}],"wp:term":[{"taxonomy":"category","embeddable":true,"href":"https:\/\/www.mathier.com\/fr\/wp-json\/wp\/v2\/categories?post=19604"},{"taxonomy":"post_tag","embeddable":true,"href":"https:\/\/www.mathier.com\/fr\/wp-json\/wp\/v2\/tags?post=19604"}],"curies":[{"name":"wp","href":"https:\/\/api.w.org\/{rel}","templated":true}]}}