{"id":2642,"date":"2025-01-06T08:03:38","date_gmt":"2025-01-06T07:03:38","guid":{"rendered":"https:\/\/www.mathier.com\/?p=2642"},"modified":"2026-02-20T14:10:35","modified_gmt":"2026-02-20T13:10:35","slug":"amigne","status":"publish","type":"post","link":"https:\/\/www.mathier.com\/fr\/blog\/amigne\/","title":{"rendered":"Amigne &#8211; Ancienne et appr\u00e9ci\u00e9e"},"content":{"rendered":"\n<h2 class=\"wp-block-heading\" style=\"font-size:1.75rem\">Amigne AOC Valais Vins blancs<\/h2>\n\n<p>Ce vin n&rsquo;est bien s\u00fbr qu&rsquo;un des nombreux <a href=\"https:\/\/www.mathier-shop.com\/fr\/tous-les-vins\/vin-blanc\" rel=\"noopener\">excellents vins blancs valaisans<\/a> que nous proposons dans notre assortiment. Dans notre boutique en ligne, vous trouverez \u00e9galement un grand choix de vins ros\u00e9s, de vins rouges, de vins mousseux et de digestifs. <\/p>\n\n<p>Si vous \u00eates \u00e0 la recherche d&rsquo;un cadeau, nous vous recommandons de choisir parmi notre service de cadeaux, par exemple, les diff\u00e9rents coffrets de d\u00e9gustation ou un ch\u00e8que-cadeau qui permet au b\u00e9n\u00e9ficiaire de faire son choix dans notre boutique en ligne.<\/p>\n\n<h2 class=\"wp-block-heading\" style=\"padding-top:1.75rem;font-size:1.75rem\">L&rsquo;essentiel en un coup d&rsquo;\u0153il<\/h2>\n\n<p>L&rsquo;Amigne est un c\u00e9page autochtone tr\u00e8s ancien qui ne pousse qu&rsquo;en Valais. Il s&rsquo;agit du \u00ab\u00a0c\u00e9page maison\u00a0\u00bb de la commune de V\u00e9troz, situ\u00e9e \u00e0 douze kilom\u00e8tres au sud de Sion. C&rsquo;est l\u00e0 que poussent 70% des raisins, le reste dans les communes voisines. Aujourd&rsquo;hui, ce c\u00e9page est cultiv\u00e9 sur 43 hectares et produit environ 100&rsquo;000 litres de vin par an.   <\/p>\n\n<figure class=\"wp-block-image\" style=\"margin-top:20px;margin-bottom:20px\"><img fetchpriority=\"high\" decoding=\"async\" width=\"1024\" height=\"576\" src=\"https:\/\/www.mathier.com\/wp-content\/uploads\/2024\/07\/amigne_reblage_unterwallis-1024x576.jpg\" alt=\"Vignoble d&#039;Amigne dans le Bas-Valais - Vignoble et terroir du c&#xE9;page\" class=\"wp-image-556\" srcset=\"https:\/\/www.mathier.com\/wp-content\/uploads\/2024\/07\/amigne_reblage_unterwallis-1024x576.jpg 1024w, https:\/\/www.mathier.com\/wp-content\/uploads\/2024\/07\/amigne_reblage_unterwallis-300x169.jpg 300w, https:\/\/www.mathier.com\/wp-content\/uploads\/2024\/07\/amigne_reblage_unterwallis-768x432.jpg 768w, https:\/\/www.mathier.com\/wp-content\/uploads\/2024\/07\/amigne_reblage_unterwallis-1536x864.jpg 1536w, https:\/\/www.mathier.com\/wp-content\/uploads\/2024\/07\/amigne_reblage_unterwallis.jpg 1920w\" sizes=\"(max-width: 1024px) 100vw, 1024px\" \/><\/figure>\n\n<p>L&rsquo;<a href=\"https:\/\/www.mathier-shop.com\/fr\/amigne-de-vetroz-les-pyramides-75-cl\" rel=\"noopener\">Amigne de V\u00e9troz<\/a> est irr\u00e9m\u00e9diablement li\u00e9e aux abeilles. L&rsquo;Amigne se caract\u00e9rise par ses ar\u00f4mes d&rsquo;orange et de mandarine et son acidit\u00e9 p\u00e9tillante. Mais surtout, elle couvre toute la gamme des types de vin, du sec \u00e0 l&rsquo;os au liquoreux. Et c&rsquo;est l\u00e0 que les abeilles entrent en jeu. Pour que le consommateur sache \u00e0 quel type de vin il a affaire, les vignerons de V\u00e9troz ont fait prot\u00e9ger un logo pour leurs produits : Une abeille sur la bouteille d\u00e9signe un vin sec, deux abeilles un vin demi-doux, trois abeilles un vin doux.    <\/p>\n\n<figure class=\"wp-block-image\" style=\"margin-top:20px;margin-bottom:20px\"><img decoding=\"async\" width=\"1024\" height=\"576\" src=\"https:\/\/www.mathier.com\/wp-content\/uploads\/2024\/07\/amigne_symbol_bienen-1024x576.jpg\" alt=\"Repr&#xE9;sentation symbolique de l&#039;abeille - indication de l&#039;aromatique naturelle chez Amigne\" class=\"wp-image-559\" srcset=\"https:\/\/www.mathier.com\/wp-content\/uploads\/2024\/07\/amigne_symbol_bienen-1024x576.jpg 1024w, https:\/\/www.mathier.com\/wp-content\/uploads\/2024\/07\/amigne_symbol_bienen-300x169.jpg 300w, https:\/\/www.mathier.com\/wp-content\/uploads\/2024\/07\/amigne_symbol_bienen-768x432.jpg 768w, https:\/\/www.mathier.com\/wp-content\/uploads\/2024\/07\/amigne_symbol_bienen-1536x864.jpg 1536w, https:\/\/www.mathier.com\/wp-content\/uploads\/2024\/07\/amigne_symbol_bienen.jpg 1920w\" sizes=\"(max-width: 1024px) 100vw, 1024px\" \/><\/figure>\n\n<p>Le terme amigne est d\u00e9riv\u00e9 de \u00ab\u00a0vitis amoena\u00a0\u00bb, qui signifie vigne agr\u00e9able en latin. Elle descend en ligne directe du c\u00e9page haut-valaisan Gw\u00e4ss. Celui-ci \u00e9tait tr\u00e8s r\u00e9pandu au Moyen \u00c2ge. Pas moins de 80 c\u00e9pages dans toute l&rsquo;Europe en sont issus par croisement naturel (par exemple le chardonnay, le gamay, le riesling, etc.).   <\/p>\n\n<h2 class=\"wp-block-heading\" style=\"padding-top:1.75rem;font-size:1.75rem\">Origine, origines et signification du c\u00e9page Amigne<\/h2>\n\n<p>On pense que le raisin a \u00e9t\u00e9 introduit en Suisse par les Romains. Mais la premi\u00e8re mention de ce c\u00e9page remonte \u00e0 1878, dans le cadre d&rsquo;une exposition amp\u00e9lographique \u00e0 Gen\u00e8ve. <\/p>\n\n<figure class=\"wp-block-image\" style=\"margin-top:20px;margin-bottom:20px\"><img decoding=\"async\" width=\"1024\" height=\"576\" src=\"https:\/\/www.mathier.com\/wp-content\/uploads\/2024\/07\/amigne_herkunft-1024x576.jpg\" alt=\"Paysage d&#039;origine de l&#039;Amigne - Vignoble valaisan\" class=\"wp-image-553\" srcset=\"https:\/\/www.mathier.com\/wp-content\/uploads\/2024\/07\/amigne_herkunft-1024x576.jpg 1024w, https:\/\/www.mathier.com\/wp-content\/uploads\/2024\/07\/amigne_herkunft-300x169.jpg 300w, https:\/\/www.mathier.com\/wp-content\/uploads\/2024\/07\/amigne_herkunft-768x432.jpg 768w, https:\/\/www.mathier.com\/wp-content\/uploads\/2024\/07\/amigne_herkunft-1536x864.jpg 1536w, https:\/\/www.mathier.com\/wp-content\/uploads\/2024\/07\/amigne_herkunft.jpg 1920w\" sizes=\"(max-width: 1024px) 100vw, 1024px\" \/><\/figure>\n\n<p>Elle est cultiv\u00e9e en Valais depuis le 16e si\u00e8cle. Dans ce contexte, Varen et ses habitants sont culturellement et historiquement li\u00e9s \u00e0 la Gw\u00e4ss. Le Gw\u00e4ss est toujours cultiv\u00e9 dans le Haut-Valais. Selon les derni\u00e8res recherches g\u00e9n\u00e9tiques, il s&rsquo;agit du plus ancien c\u00e9page connu par son nom dans le monde.   <\/p>\n\n<h2 class=\"wp-block-heading\" style=\"padding-top:1.75rem;font-size:1.75rem\">Caract\u00e9ristiques de la vari\u00e9t\u00e9 de vin blanc Amigne : Croissance, maturit\u00e9 et rendement<\/h2>\n\n<p>Ce c\u00e9page fait partie des c\u00e9pages \u00e0 maturation tardive, il m\u00fbrit environ 30 jours apr\u00e8s le Fendant. L&rsquo;entretien des vignes d&rsquo;Amigne demande une attention particuli\u00e8re de la part du viticulteur, car ce c\u00e9page est un raisin \u00e0 la peau fine et fragile. <\/p>\n\n<figure class=\"wp-block-image\" style=\"margin-top:20px;margin-bottom:20px\"><img loading=\"lazy\" decoding=\"async\" width=\"1024\" height=\"576\" src=\"https:\/\/www.mathier.com\/wp-content\/uploads\/2024\/07\/amigne_aroma-1024x576.jpg\" alt=\"Vin blanc d&#039;Amigne et profil aromatique - ar&#xF4;mes primaires typiques du c&#xE9;page\" class=\"wp-image-547\" srcset=\"https:\/\/www.mathier.com\/wp-content\/uploads\/2024\/07\/amigne_aroma-1024x576.jpg 1024w, https:\/\/www.mathier.com\/wp-content\/uploads\/2024\/07\/amigne_aroma-300x169.jpg 300w, https:\/\/www.mathier.com\/wp-content\/uploads\/2024\/07\/amigne_aroma-768x432.jpg 768w, https:\/\/www.mathier.com\/wp-content\/uploads\/2024\/07\/amigne_aroma-1536x864.jpg 1536w, https:\/\/www.mathier.com\/wp-content\/uploads\/2024\/07\/amigne_aroma.jpg 1920w\" sizes=\"(max-width: 1024px) 100vw, 1024px\" \/><\/figure>\n\n<p>Gr\u00e2ce aux baies d\u00e9tach\u00e9es et bien a\u00e9r\u00e9es, les raisins peuvent rester longtemps sur le cep. G\u00e2t\u00e9s par le soleil intense de la fin de l&rsquo;automne, typique du Valais, les vignerons peuvent vinifier un magnifique <a href=\"https:\/\/www.mathier-shop.com\/fr\/tous-les-vins\/vin-de-dessert\" rel=\"noopener\">vin doux, complexe et presque oriental<\/a>, qui gagne progressivement en noblesse avec le temps gr\u00e2ce \u00e0 son grand potentiel de garde. <\/p>\n\n<h2 class=\"wp-block-heading\" style=\"padding-top:1.75rem;font-size:1.75rem\">Profil gustatif de l&rsquo;Amigne : ar\u00f4mes intenses, acidit\u00e9 bien int\u00e9gr\u00e9e et p\u00e9tillante<\/h2>\n\n<p>Le profil gustatif du raisin d&rsquo;Amigne se caract\u00e9rise en bouche par des ar\u00f4mes caract\u00e9ristiques et des notes fruit\u00e9es tr\u00e8s diversifi\u00e9es. Il s&rsquo;agit notamment d&rsquo;agrumes comme le citron et l&rsquo;orange, mais aussi de notes de fruits exotiques comme l&rsquo;ananas, la mandarine, la mangue ou l&rsquo;abricot. <\/p>\n\n<figure class=\"wp-block-image size-large\" style=\"margin-top:20px;margin-bottom:20px\"><img loading=\"lazy\" decoding=\"async\" width=\"1024\" height=\"576\" src=\"https:\/\/www.mathier.com\/wp-content\/uploads\/2025\/01\/amigne_geschmacksprofil-1024x576.jpg\" alt=\"Le vin blanc d&#039;Amigne dans le verre - profil de go&#xFB;t &#xE9;quilibr&#xE9; avec des ar&#xF4;mes\" class=\"wp-image-18536\" srcset=\"https:\/\/www.mathier.com\/wp-content\/uploads\/2025\/01\/amigne_geschmacksprofil-1024x576.jpg 1024w, https:\/\/www.mathier.com\/wp-content\/uploads\/2025\/01\/amigne_geschmacksprofil-300x169.jpg 300w, https:\/\/www.mathier.com\/wp-content\/uploads\/2025\/01\/amigne_geschmacksprofil-768x432.jpg 768w, https:\/\/www.mathier.com\/wp-content\/uploads\/2025\/01\/amigne_geschmacksprofil-1536x864.jpg 1536w, https:\/\/www.mathier.com\/wp-content\/uploads\/2025\/01\/amigne_geschmacksprofil.jpg 1920w\" sizes=\"(max-width: 1024px) 100vw, 1024px\" \/><\/figure>\n\n<p>Les nuances florales sont domin\u00e9es par les fleurs blanches comme le jasmin ou l&rsquo;acacia, qui donnent au vin une dimension \u00e9l\u00e9gante et parfum\u00e9e. On retrouve aussi souvent en bouche la douceur du miel, que l&rsquo;on retrouve notamment dans les variantes nobles. <\/p>\n\n<h2 class=\"wp-block-heading\" style=\"padding-top:1.75rem;font-size:1.75rem\">Amigne et plats : Les meilleures combinaisons<\/h2>\n\n<p>Selon les go\u00fbts, l&rsquo;Amigne, avec ses ar\u00f4mes complexes, accompagne parfaitement une fondue ou des plats de volaille fortement r\u00f4tis.<\/p>\n\n<p>Mais ce vin blanc accompagne tout aussi bien les entr\u00e9es l\u00e9g\u00e8res, les salades et les fruits de mer que les plats de la cuisine asiatique ou les mets au foie gras.<\/p>\n\n<p>Les versions s\u00e8ches ou l\u00e9g\u00e8rement sucr\u00e9es, servies avec un p\u00e2t\u00e9 de volaille, constituent \u00e9galement une composition fantastique. Quant aux vins de dessert, ils subliment toute forme de dessert fruit\u00e9, comme une tartelette. <\/p>\n\n<hr class=\"wp-block-separator has-alpha-channel-opacity is-style-wide\" style=\"margin-top:2.5rem;margin-bottom:1.5rem\"\/>\n\n<h3 class=\"wp-block-heading\" style=\"padding-top:1rem;font-size:1.5rem\">Ce qu&rsquo;il faut savoir sur le raisin d&rsquo;Amigne<\/h3>\n\n<p>Vous trouverez ici un aper\u00e7u des faits importants concernant le c\u00e9page Amigne.<\/p>\n\n<h4 class=\"wp-block-heading\" style=\"padding-top:1rem;font-size:1.13rem\">Les vins de la boutique en ligne Mathier ont-ils un num\u00e9ro d&rsquo;article ?<\/h4>\n\n<p>Les <a href=\"https:\/\/www.mathier-shop.com\/fr\/\" rel=\"noopener\">vins de la boutique en ligne Mathier<\/a> sont identifi\u00e9s en interne par un num\u00e9ro d&rsquo;article. Vous n&rsquo;en avez cependant pas besoin pour passer commande. <\/p>\n\n<h4 class=\"wp-block-heading\" style=\"padding-top:1rem;font-size:1.13rem\">Combien de temps les vins d&rsquo;Amigne peuvent-ils \u00eatre conserv\u00e9s ?<\/h4>\n\n<p>Qu&rsquo;ils soient doux ou secs, <a href=\"https:\/\/www.mathier-shop.com\/fr\/types-de-vin\/blanc\/amigne\" rel=\"noopener\">les vins d&rsquo;Amigne<\/a> ont un grand potentiel de vieillissement. Les grands mill\u00e9simes sont encore exceptionnels apr\u00e8s plusieurs d\u00e9cennies ! <\/p>\n","protected":false},"excerpt":{"rendered":"<p>L&rsquo;Amigne est un c\u00e9page autochtone tr\u00e8s ancien qui ne pousse qu&rsquo;en Valais. Il est consid\u00e9r\u00e9 comme le \u00ab\u00a0c\u00e9page maison\u00a0\u00bb de la commune de V\u00e9troz. <\/p>\n","protected":false},"author":3,"featured_media":564,"comment_status":"closed","ping_status":"closed","sticky":false,"template":"","format":"standard","meta":{"footnotes":""},"categories":[161],"tags":[173],"class_list":["post-2642","post","type-post","status-publish","format-standard","has-post-thumbnail","hentry","category-magazine-du-vin","tag-raisins"],"_links":{"self":[{"href":"https:\/\/www.mathier.com\/fr\/wp-json\/wp\/v2\/posts\/2642","targetHints":{"allow":["GET"]}}],"collection":[{"href":"https:\/\/www.mathier.com\/fr\/wp-json\/wp\/v2\/posts"}],"about":[{"href":"https:\/\/www.mathier.com\/fr\/wp-json\/wp\/v2\/types\/post"}],"author":[{"embeddable":true,"href":"https:\/\/www.mathier.com\/fr\/wp-json\/wp\/v2\/users\/3"}],"replies":[{"embeddable":true,"href":"https:\/\/www.mathier.com\/fr\/wp-json\/wp\/v2\/comments?post=2642"}],"version-history":[{"count":8,"href":"https:\/\/www.mathier.com\/fr\/wp-json\/wp\/v2\/posts\/2642\/revisions"}],"predecessor-version":[{"id":18940,"href":"https:\/\/www.mathier.com\/fr\/wp-json\/wp\/v2\/posts\/2642\/revisions\/18940"}],"wp:featuredmedia":[{"embeddable":true,"href":"https:\/\/www.mathier.com\/fr\/wp-json\/wp\/v2\/media\/564"}],"wp:attachment":[{"href":"https:\/\/www.mathier.com\/fr\/wp-json\/wp\/v2\/media?parent=2642"}],"wp:term":[{"taxonomy":"category","embeddable":true,"href":"https:\/\/www.mathier.com\/fr\/wp-json\/wp\/v2\/categories?post=2642"},{"taxonomy":"post_tag","embeddable":true,"href":"https:\/\/www.mathier.com\/fr\/wp-json\/wp\/v2\/tags?post=2642"}],"curies":[{"name":"wp","href":"https:\/\/api.w.org\/{rel}","templated":true}]}}