{"id":2742,"date":"2025-01-06T07:59:47","date_gmt":"2025-01-06T06:59:47","guid":{"rendered":"https:\/\/www.mathier.com\/?p=2742"},"modified":"2026-02-20T14:26:46","modified_gmt":"2026-02-20T13:26:46","slug":"niederschlag","status":"publish","type":"post","link":"https:\/\/www.mathier.com\/fr\/blog\/niederschlag\/","title":{"rendered":"Pr\u00e9cipitations au printemps"},"content":{"rendered":"\n<h2 class=\"wp-block-heading\" style=\"font-size:1.75rem\">Un printemps pluvieux en Valais<\/h2>\n\n<p>Au printemps 2023, il a plu exceptionnellement beaucoup en Valais &#8211; mais cela n&rsquo;a pas \u00e9t\u00e9 un inconv\u00e9nient pour <a href=\"https:\/\/www.mathier.com\/fr\/vignobles\/\">nos vignobles<\/a> en raison de l&rsquo;hiver peu enneig\u00e9. Pour en savoir plus sur les r\u00e9serves d&rsquo;eau et la m\u00e9t\u00e9o des champignons, regardez cette vid\u00e9o. <\/p>\n\n<figure class=\"wp-block-embed is-type-video is-provider-youtube wp-block-embed-youtube wp-embed-aspect-16-9 wp-has-aspect-ratio\" style=\"margin-top:20px;margin-bottom:20px\"><div class=\"wp-block-embed__wrapper\">\n<iframe title=\"MATHIER TV | Niederschlagsreicher Fr\u00fchling 2023 im Wallis\" width=\"800\" height=\"450\" src=\"https:\/\/www.youtube.com\/embed\/JHbsh0XzivI?feature=oembed\" frameborder=\"0\" allow=\"accelerometer; autoplay; clipboard-write; encrypted-media; gyroscope; picture-in-picture; web-share\" referrerpolicy=\"strict-origin-when-cross-origin\" allowfullscreen><\/iframe>\n<\/div><figcaption class=\"wp-element-caption\"><em>Salquenen, en mai 2023<\/em><\/figcaption><\/figure>\n\n<p>Une bonne nouvelle pour commencer : nous n&rsquo;avons pas eu de d\u00e9g\u00e2ts de gel jusqu&rsquo;\u00e0 la fin du mois de mai et les vignes poussent comme elles le devraient. Mais que signifie beaucoup de pr\u00e9cipitations pour les viticulteurs ? L&rsquo;hiver a \u00e9t\u00e9 tr\u00e8s peu enneig\u00e9 et il y a eu peu de pr\u00e9cipitations, ce qui n&rsquo;est normalement pas id\u00e9al &#8211; car l&rsquo;hiver et le printemps devraient permettre d&rsquo;accumuler suffisamment de r\u00e9serves d&rsquo;eau. Mais gr\u00e2ce \u00e0 un printemps exceptionnellement pluvieux, cela a \u00e9t\u00e9 compens\u00e9 et les r\u00e9serves dans le sol sont disponibles. Nous ne pr\u00e9voyons donc pas de p\u00e9nurie d&rsquo;eau cette ann\u00e9e.    <\/p>\n\n<p>N\u00e9anmoins, beaucoup d&rsquo;humidit\u00e9 entra\u00eene \u00e9galement ce que l&rsquo;on appelle un \u00ab\u00a0temps de champignons\u00a0\u00bb. Cela signifie surtout qu&rsquo;il faut lutter contre l&rsquo;o\u00efdium et le mildiou pour que les champignons ne causent pas de d\u00e9g\u00e2ts aux plantes. Nous avons combattu l&rsquo;o\u00efdium avec du cuivre et le mildiou avec du soufre, deux m\u00e9thodes de lutte totalement biologiques.  <\/p>\n\n<p>On peut comparer la croissance de la vigne \u00e0 celle de l&rsquo;homme : Pour grandir, nous avons besoin de beaucoup de nourriture quand nous sommes jeunes, et quand nous vieillissons ou, dans le cas de la vigne, \u00e0 la fin de l&rsquo;\u00e9t\u00e9, nous devrions en avoir moins.<\/p>\n\n<p>Jusqu&rsquo;\u00e0 pr\u00e9sent, tout se passe id\u00e9alement et nous nous r\u00e9jouissons de passer un bel \u00e9t\u00e9 !<\/p>\n\n<p><\/p>\n","protected":false},"excerpt":{"rendered":"<p>Les vignes poussent bien sans d\u00e9g\u00e2ts de gel jusqu&rsquo;\u00e0 fin mai, mais les pr\u00e9cipitations printani\u00e8res inqui\u00e8tent les viticulteurs.<\/p>\n","protected":false},"author":3,"featured_media":12317,"comment_status":"closed","ping_status":"closed","sticky":false,"template":"","format":"standard","meta":{"footnotes":""},"categories":[161],"tags":[174],"class_list":["post-2742","post","type-post","status-publish","format-standard","has-post-thumbnail","hentry","category-magazine-du-vin","tag-vignes"],"_links":{"self":[{"href":"https:\/\/www.mathier.com\/fr\/wp-json\/wp\/v2\/posts\/2742","targetHints":{"allow":["GET"]}}],"collection":[{"href":"https:\/\/www.mathier.com\/fr\/wp-json\/wp\/v2\/posts"}],"about":[{"href":"https:\/\/www.mathier.com\/fr\/wp-json\/wp\/v2\/types\/post"}],"author":[{"embeddable":true,"href":"https:\/\/www.mathier.com\/fr\/wp-json\/wp\/v2\/users\/3"}],"replies":[{"embeddable":true,"href":"https:\/\/www.mathier.com\/fr\/wp-json\/wp\/v2\/comments?post=2742"}],"version-history":[{"count":6,"href":"https:\/\/www.mathier.com\/fr\/wp-json\/wp\/v2\/posts\/2742\/revisions"}],"predecessor-version":[{"id":19141,"href":"https:\/\/www.mathier.com\/fr\/wp-json\/wp\/v2\/posts\/2742\/revisions\/19141"}],"wp:featuredmedia":[{"embeddable":true,"href":"https:\/\/www.mathier.com\/fr\/wp-json\/wp\/v2\/media\/12317"}],"wp:attachment":[{"href":"https:\/\/www.mathier.com\/fr\/wp-json\/wp\/v2\/media?parent=2742"}],"wp:term":[{"taxonomy":"category","embeddable":true,"href":"https:\/\/www.mathier.com\/fr\/wp-json\/wp\/v2\/categories?post=2742"},{"taxonomy":"post_tag","embeddable":true,"href":"https:\/\/www.mathier.com\/fr\/wp-json\/wp\/v2\/tags?post=2742"}],"curies":[{"name":"wp","href":"https:\/\/api.w.org\/{rel}","templated":true}]}}