{"id":2747,"date":"2025-01-06T07:57:39","date_gmt":"2025-01-06T06:57:39","guid":{"rendered":"https:\/\/www.mathier.com\/?p=2747"},"modified":"2026-02-20T14:25:49","modified_gmt":"2026-02-20T13:25:49","slug":"herbstmessen","status":"publish","type":"post","link":"https:\/\/www.mathier.com\/fr\/blog\/herbstmessen\/","title":{"rendered":"Foires d&rsquo;automne"},"content":{"rendered":"\n<h2 class=\"wp-block-heading\" style=\"font-size:1.75rem\">Invitation au salon d&rsquo;automne de Nadia &amp; Diego Mathier<\/h2>\n\n<figure class=\"wp-block-embed is-type-video is-provider-youtube wp-block-embed-youtube wp-embed-aspect-16-9 wp-has-aspect-ratio\" style=\"margin-top:20px;margin-bottom:20px\"><div class=\"wp-block-embed__wrapper\">\n<iframe title=\"MATHIER TV | Einladung Herbstmessen\" width=\"800\" height=\"450\" src=\"https:\/\/www.youtube.com\/embed\/3WbWvCGJlPA?feature=oembed\" frameborder=\"0\" allow=\"accelerometer; autoplay; clipboard-write; encrypted-media; gyroscope; picture-in-picture; web-share\" referrerpolicy=\"strict-origin-when-cross-origin\" allowfullscreen><\/iframe>\n<\/div><\/figure>\n\n<p>L&rsquo;automne et ses couleurs vives nous apportent non seulement la p\u00e9riode la plus belle et la plus gratifiante de l&rsquo;ann\u00e9e viticole &#8211; \u00e0 savoir les vendanges &#8211; mais aussi des foires d&rsquo;automne tr\u00e8s vari\u00e9es dans toute la Suisse. Il n&rsquo;est donc pas \u00e9tonnant que nous aimions tant l&rsquo;automne dans la famille Mathier. C\u00e9l\u00e9brez l&rsquo;automne avec nous et profitez de l&rsquo;<a href=\"https:\/\/www.mathier-shop.com\/fr\/tous-les-vins\" rel=\"noopener\">assortiment vari\u00e9 de nos vins<\/a> avec votre famille et vos amis. Nous vous invitons cordialement et nous nous r\u00e9jouissons de pouvoir vous accueillir personnellement !   <\/p>\n\n<p><a href=\"https:\/\/www.mathier.com\/fr\/events\/\">Cliquez ici pour acc\u00e9der aux salons et \u00e9v\u00e9nements<\/a><\/p>\n","protected":false},"excerpt":{"rendered":"<p>L&rsquo;automne n&rsquo;apporte pas seulement les vendanges, mais aussi des foires d&rsquo;automne vari\u00e9es dans toute la Suisse.<\/p>\n","protected":false},"author":3,"featured_media":12277,"comment_status":"closed","ping_status":"closed","sticky":false,"template":"","format":"standard","meta":{"footnotes":""},"categories":[161],"tags":[178],"class_list":["post-2747","post","type-post","status-publish","format-standard","has-post-thumbnail","hentry","category-magazine-du-vin","tag-famille"],"_links":{"self":[{"href":"https:\/\/www.mathier.com\/fr\/wp-json\/wp\/v2\/posts\/2747","targetHints":{"allow":["GET"]}}],"collection":[{"href":"https:\/\/www.mathier.com\/fr\/wp-json\/wp\/v2\/posts"}],"about":[{"href":"https:\/\/www.mathier.com\/fr\/wp-json\/wp\/v2\/types\/post"}],"author":[{"embeddable":true,"href":"https:\/\/www.mathier.com\/fr\/wp-json\/wp\/v2\/users\/3"}],"replies":[{"embeddable":true,"href":"https:\/\/www.mathier.com\/fr\/wp-json\/wp\/v2\/comments?post=2747"}],"version-history":[{"count":7,"href":"https:\/\/www.mathier.com\/fr\/wp-json\/wp\/v2\/posts\/2747\/revisions"}],"predecessor-version":[{"id":19077,"href":"https:\/\/www.mathier.com\/fr\/wp-json\/wp\/v2\/posts\/2747\/revisions\/19077"}],"wp:featuredmedia":[{"embeddable":true,"href":"https:\/\/www.mathier.com\/fr\/wp-json\/wp\/v2\/media\/12277"}],"wp:attachment":[{"href":"https:\/\/www.mathier.com\/fr\/wp-json\/wp\/v2\/media?parent=2747"}],"wp:term":[{"taxonomy":"category","embeddable":true,"href":"https:\/\/www.mathier.com\/fr\/wp-json\/wp\/v2\/categories?post=2747"},{"taxonomy":"post_tag","embeddable":true,"href":"https:\/\/www.mathier.com\/fr\/wp-json\/wp\/v2\/tags?post=2747"}],"curies":[{"name":"wp","href":"https:\/\/api.w.org\/{rel}","templated":true}]}}