{"id":2775,"date":"2025-01-06T07:52:16","date_gmt":"2025-01-06T06:52:16","guid":{"rendered":"https:\/\/www.mathier.com\/?p=2775"},"modified":"2026-02-23T10:19:30","modified_gmt":"2026-02-23T09:19:30","slug":"mineralitaet","status":"publish","type":"post","link":"https:\/\/www.mathier.com\/fr\/blog\/mineralitaet\/","title":{"rendered":"Min\u00e9ralit\u00e9"},"content":{"rendered":"\n<p>Les vins sont dits min\u00e9raux lorsqu&rsquo;ils pr\u00e9sentent une sensation en bouche ou une expression gustative caract\u00e9ristique rappelant les min\u00e9raux.<\/p>\n\n<p>Dans le monde du vin et de la d\u00e9finition du go\u00fbt, il n&rsquo;y a gu\u00e8re d&rsquo;autre terme qui suscite autant de d\u00e9bats que celui de \u00ab\u00a0min\u00e9ral\u00a0\u00bb. Et il semble n&rsquo;y avoir aucune zone d&rsquo;ombre entre les partisans et les d\u00e9tracteurs de ce terme. Le terme \u00ab\u00a0min\u00e9ralit\u00e9\u00a0\u00bb est d\u00e9j\u00e0 probl\u00e9matique en soi, car selon le dictionnaire, ce mot n&rsquo;existe pas dans la langue allemande. Il a plut\u00f4t \u00e9t\u00e9 emprunt\u00e9 au mot anglais \u00ab\u00a0minerality\u00a0\u00bb. De plus, le fait qu&rsquo;un vin pousse sur un sol pierreux ne garantit pas en soi qu&rsquo;il s&rsquo;agisse d&rsquo;un vin min\u00e9ral. Il existe en effet des vins qui poussent sur des sols argileux et qui sont nettement plus min\u00e9raux. L&rsquo;adage \u00ab\u00a0la pierre devient vin\u00a0\u00bb ne peut donc pas s&rsquo;appliquer.      <\/p>\n\n<p>Mais o\u00f9 et comment trouver une explication plausible \u00e0 ce ph\u00e9nom\u00e8ne par lequel on aime d\u00e9crire le go\u00fbt d&rsquo;un vin, en plus de la douceur, de l&rsquo;acidit\u00e9, de l&rsquo;alcool et des ar\u00f4mes de fruits ? Disons-le d&#8217;embl\u00e9e : il n&rsquo;existe pas de d\u00e9finition unique ni de consensus scientifique sur ce que l&rsquo;on entend exactement par min\u00e9ralit\u00e9. Il s&rsquo;agit d&rsquo;un terme qui doit \u00eatre utilis\u00e9 de mani\u00e8re tr\u00e8s individuelle.  <\/p>\n\n<p>On pense bien s\u00fbr volontiers que la min\u00e9ralit\u00e9 est due \u00e0 l&rsquo;influence du sol sur lequel pousse la vigne. Les racines des vignes absorbent les min\u00e9raux du sol, et certains de ces min\u00e9raux peuvent se retrouver dans le vin. Bien qu&rsquo;ils soient pr\u00e9sents en si petites quantit\u00e9s dans le vin qu&rsquo;ils peuvent \u00eatre \u00e0 peine perceptibles au go\u00fbt. Certains types de sols, tels que les sols calcaires ou schisteux, sont souvent associ\u00e9s \u00e0 une probabilit\u00e9 plus \u00e9lev\u00e9e de notes min\u00e9rales dans le vin.   <\/p>\n\n<figure class=\"wp-block-image size-large\" style=\"margin-top:20px;margin-bottom:20px\"><img fetchpriority=\"high\" decoding=\"async\" width=\"1024\" height=\"577\" src=\"https:\/\/www.mathier.com\/wp-content\/uploads\/2025\/01\/mineralitaet_weissweinglas_mit-verschieden_steinen-1024x577.jpg\" alt=\"Verre &#xE0; vin blanc sur une table en ardoise avec diff&#xE9;rentes pierres, repr&#xE9;sentation de la min&#xE9;ralit&#xE9; dans le vin\" class=\"wp-image-18412\" srcset=\"https:\/\/www.mathier.com\/wp-content\/uploads\/2025\/01\/mineralitaet_weissweinglas_mit-verschieden_steinen-1024x577.jpg 1024w, https:\/\/www.mathier.com\/wp-content\/uploads\/2025\/01\/mineralitaet_weissweinglas_mit-verschieden_steinen-300x169.jpg 300w, https:\/\/www.mathier.com\/wp-content\/uploads\/2025\/01\/mineralitaet_weissweinglas_mit-verschieden_steinen-768x432.jpg 768w, https:\/\/www.mathier.com\/wp-content\/uploads\/2025\/01\/mineralitaet_weissweinglas_mit-verschieden_steinen-1536x865.jpg 1536w, https:\/\/www.mathier.com\/wp-content\/uploads\/2025\/01\/mineralitaet_weissweinglas_mit-verschieden_steinen.jpg 1920w\" sizes=\"(max-width: 1024px) 100vw, 1024px\" \/><\/figure>\n\n<p>Il est toutefois important de noter que la cause exacte des ar\u00f4mes min\u00e9raux dans le vin n&rsquo;est pas enti\u00e8rement comprise. Certaines \u00e9tudes sugg\u00e8rent qu&rsquo;ils ne proviennent pas directement du sol, mais qu&rsquo;ils peuvent \u00eatre produits par des r\u00e9actions chimiques complexes au cours du processus de vinification. Il est \u00e9galement sugg\u00e9r\u00e9 que les levures et les micro-organismes peuvent jouer un r\u00f4le dans le d\u00e9veloppement des ar\u00f4mes min\u00e9raux pendant la fermentation. Cela semble \u00eatre l&rsquo;approche la plus plausible pour expliquer la notion de min\u00e9ralit\u00e9. C&rsquo;est d&rsquo;autant plus vrai lorsque l&rsquo;on sait que les min\u00e9raux sont inodores &#8211; et ce, sans exception. En outre, la seule min\u00e9ralit\u00e9 perceptible au go\u00fbt est la salinit\u00e9 que l&rsquo;on attribue \u00e0 de nombreux vins d\u00e9crits comme min\u00e9raux.     <\/p>\n\n<p>Il est donc important de noter que la notion de \u00ab\u00a0min\u00e9ralit\u00e9\u00a0\u00bb est subjective et per\u00e7ue diff\u00e9remment d&rsquo;une personne \u00e0 l&rsquo;autre. Un vin per\u00e7u comme min\u00e9ral par une personne peut ne pas \u00eatre per\u00e7u de la m\u00eame mani\u00e8re par une autre personne. La min\u00e9ralit\u00e9 dans le vin est donc plus une description d&rsquo;une exp\u00e9rience sensorielle particuli\u00e8re qu&rsquo;une caract\u00e9ristique objectivement mesurable.  <\/p>\n\n<p><a href=\"https:\/\/www.mathier-shop.com\/fr\/molignon-terre-promise\" rel=\"noopener\">D\u00e9couvrez le Molignon Terre Promise de Diego Mathier<\/a><\/p>\n\n<p><\/p>\n","protected":false},"excerpt":{"rendered":"<p>Les vins min\u00e9raux d\u00e9veloppent une agr\u00e9able min\u00e9ralit\u00e9 qui se manifeste dans les ar\u00f4mes et la sensation en bouche.<\/p>\n","protected":false},"author":3,"featured_media":2466,"comment_status":"closed","ping_status":"closed","sticky":false,"template":"","format":"standard","meta":{"footnotes":""},"categories":[161],"tags":[162],"class_list":["post-2775","post","type-post","status-publish","format-standard","has-post-thumbnail","hentry","category-magazine-du-vin","tag-lexique"],"_links":{"self":[{"href":"https:\/\/www.mathier.com\/fr\/wp-json\/wp\/v2\/posts\/2775","targetHints":{"allow":["GET"]}}],"collection":[{"href":"https:\/\/www.mathier.com\/fr\/wp-json\/wp\/v2\/posts"}],"about":[{"href":"https:\/\/www.mathier.com\/fr\/wp-json\/wp\/v2\/types\/post"}],"author":[{"embeddable":true,"href":"https:\/\/www.mathier.com\/fr\/wp-json\/wp\/v2\/users\/3"}],"replies":[{"embeddable":true,"href":"https:\/\/www.mathier.com\/fr\/wp-json\/wp\/v2\/comments?post=2775"}],"version-history":[{"count":8,"href":"https:\/\/www.mathier.com\/fr\/wp-json\/wp\/v2\/posts\/2775\/revisions"}],"predecessor-version":[{"id":19313,"href":"https:\/\/www.mathier.com\/fr\/wp-json\/wp\/v2\/posts\/2775\/revisions\/19313"}],"wp:featuredmedia":[{"embeddable":true,"href":"https:\/\/www.mathier.com\/fr\/wp-json\/wp\/v2\/media\/2466"}],"wp:attachment":[{"href":"https:\/\/www.mathier.com\/fr\/wp-json\/wp\/v2\/media?parent=2775"}],"wp:term":[{"taxonomy":"category","embeddable":true,"href":"https:\/\/www.mathier.com\/fr\/wp-json\/wp\/v2\/categories?post=2775"},{"taxonomy":"post_tag","embeddable":true,"href":"https:\/\/www.mathier.com\/fr\/wp-json\/wp\/v2\/tags?post=2775"}],"curies":[{"name":"wp","href":"https:\/\/api.w.org\/{rel}","templated":true}]}}