{"id":2783,"date":"2025-01-06T07:56:56","date_gmt":"2025-01-06T06:56:56","guid":{"rendered":"https:\/\/www.mathier.com\/?p=2783"},"modified":"2026-02-23T09:01:46","modified_gmt":"2026-02-23T08:01:46","slug":"messen-fruehling","status":"publish","type":"post","link":"https:\/\/www.mathier.com\/fr\/blog\/messen-fruehling\/","title":{"rendered":"Foires Printemps 2024"},"content":{"rendered":"\n<h2 class=\"wp-block-heading\" style=\"font-size:1.75rem\">Invitation de Nadia &amp; Diego Mathier<\/h2>\n\n<figure class=\"wp-block-embed is-type-video is-provider-youtube wp-block-embed-youtube wp-embed-aspect-16-9 wp-has-aspect-ratio\"><div class=\"wp-block-embed__wrapper\">\n<iframe title=\"MATHIER TV | Einladung von Nadia &amp; Diego Mathier\" width=\"800\" height=\"450\" src=\"https:\/\/www.youtube.com\/embed\/Mnt7j5uAuEQ?feature=oembed\" frameborder=\"0\" allow=\"accelerometer; autoplay; clipboard-write; encrypted-media; gyroscope; picture-in-picture; web-share\" referrerpolicy=\"strict-origin-when-cross-origin\" allowfullscreen><\/iframe>\n<\/div><\/figure>\n\n<p>Lorsque les chauds rayons du soleil et la nature avec son spectacle color\u00e9 nous attirent de plus en plus \u00e0 l&rsquo;ext\u00e9rieur, il est grand temps de faire des projets d&rsquo;excursion. Quoi de plus naturel que d&rsquo;agr\u00e9menter votre escapade dans nos magnifiques villes suisses par une visite des <a href=\"https:\/\/www.mathier.com\/fr\/events\/\">nombreuses foires grand public<\/a>. De A comme Aarau \u00e0 Z comme Zurich, vous n&rsquo;avez que l&#8217;embarras du choix. Plaisir parce que le domaine Adrian &amp; Diego Mathier Nouveau Salquenen sera pr\u00e9sent \u00e0 tous ces salons de printemps et vous invitera \u00e0 d\u00e9guster et \u00e0 d\u00e9couvrir nos vins de grande qualit\u00e9. Et cette ann\u00e9e, cela vaut particuli\u00e8rement la peine, car en plus de l&rsquo;excellent mill\u00e9sime 2022, il est d\u00e9j\u00e0 clair que le mill\u00e9sime 2023 ne sera pas moins exceptionnel. Venez faire la f\u00eate avec nous et profitez du printemps. Nous sommes impatients de vous accueillir sur notre stand !      <\/p>\n\n<p>Et si vous pr\u00e9f\u00e9rez planifier une excursion dans le Valais ensoleill\u00e9, notre domaine viticole de Salquenen vaut toujours le d\u00e9tour &#8211; sans oublier bien s\u00fbr notre d\u00e9licieux <a href=\"https:\/\/www.mathier.com\/fr\/bnb-veritas\/\">BnB Vino Veritas<\/a>, o\u00f9 il fait bon dormir et r\u00eaver du printemps apr\u00e8s une journ\u00e9e printani\u00e8re bien remplie en Valais, avec une d\u00e9gustation de vins dans notre cave \u00e0 vins !<\/p>\n","protected":false},"excerpt":{"rendered":"<p>Les chauds rayons de soleil attirent dans les villes suisses &#8211; les foires de printemps rendent chaque excursion sp\u00e9ciale.<\/p>\n","protected":false},"author":3,"featured_media":12364,"comment_status":"closed","ping_status":"closed","sticky":false,"template":"","format":"standard","meta":{"footnotes":""},"categories":[161],"tags":[178],"class_list":["post-2783","post","type-post","status-publish","format-standard","has-post-thumbnail","hentry","category-magazine-du-vin","tag-famille"],"_links":{"self":[{"href":"https:\/\/www.mathier.com\/fr\/wp-json\/wp\/v2\/posts\/2783","targetHints":{"allow":["GET"]}}],"collection":[{"href":"https:\/\/www.mathier.com\/fr\/wp-json\/wp\/v2\/posts"}],"about":[{"href":"https:\/\/www.mathier.com\/fr\/wp-json\/wp\/v2\/types\/post"}],"author":[{"embeddable":true,"href":"https:\/\/www.mathier.com\/fr\/wp-json\/wp\/v2\/users\/3"}],"replies":[{"embeddable":true,"href":"https:\/\/www.mathier.com\/fr\/wp-json\/wp\/v2\/comments?post=2783"}],"version-history":[{"count":6,"href":"https:\/\/www.mathier.com\/fr\/wp-json\/wp\/v2\/posts\/2783\/revisions"}],"predecessor-version":[{"id":19181,"href":"https:\/\/www.mathier.com\/fr\/wp-json\/wp\/v2\/posts\/2783\/revisions\/19181"}],"wp:featuredmedia":[{"embeddable":true,"href":"https:\/\/www.mathier.com\/fr\/wp-json\/wp\/v2\/media\/12364"}],"wp:attachment":[{"href":"https:\/\/www.mathier.com\/fr\/wp-json\/wp\/v2\/media?parent=2783"}],"wp:term":[{"taxonomy":"category","embeddable":true,"href":"https:\/\/www.mathier.com\/fr\/wp-json\/wp\/v2\/categories?post=2783"},{"taxonomy":"post_tag","embeddable":true,"href":"https:\/\/www.mathier.com\/fr\/wp-json\/wp\/v2\/tags?post=2783"}],"curies":[{"name":"wp","href":"https:\/\/api.w.org\/{rel}","templated":true}]}}