{"id":2784,"date":"2025-01-06T07:52:09","date_gmt":"2025-01-06T06:52:09","guid":{"rendered":"https:\/\/www.mathier.com\/?p=2784"},"modified":"2026-02-23T10:19:30","modified_gmt":"2026-02-23T09:19:30","slug":"nase","status":"publish","type":"post","link":"https:\/\/www.mathier.com\/fr\/blog\/nase\/","title":{"rendered":"Nez"},"content":{"rendered":"\n<p>Le terme \u00ab\u00a0nez\u00a0\u00bb est utilis\u00e9 dans le monde du vin pour d\u00e9crire le parfum ou l&rsquo;ar\u00f4me d&rsquo;un vin. Il fait r\u00e9f\u00e9rence \u00e0 l&rsquo;exp\u00e9rience olfactive qui se produit lorsque l&rsquo;on sent le vin. Le nez d&rsquo;un vin est un aspect important de la d\u00e9gustation, car l&rsquo;odorat est \u00e9troitement li\u00e9 au sens du go\u00fbt et aide \u00e0 percevoir les ar\u00f4mes et les nuances complexes du vin.  <\/p>\n\n<figure class=\"wp-block-image\" style=\"margin-top:20px;margin-bottom:20px\"><img fetchpriority=\"high\" decoding=\"async\" width=\"1024\" height=\"576\" src=\"https:\/\/www.mathier.com\/wp-content\/uploads\/2024\/09\/nase_mann_riecht_am_rotweinglas-1024x576.jpg\" alt=\"Un homme sent un verre de vin rouge - D&#xE9;couvrir le nez du vin\" class=\"wp-image-2479\" srcset=\"https:\/\/www.mathier.com\/wp-content\/uploads\/2024\/09\/nase_mann_riecht_am_rotweinglas-1024x576.jpg 1024w, https:\/\/www.mathier.com\/wp-content\/uploads\/2024\/09\/nase_mann_riecht_am_rotweinglas-300x169.jpg 300w, https:\/\/www.mathier.com\/wp-content\/uploads\/2024\/09\/nase_mann_riecht_am_rotweinglas-768x432.jpg 768w, https:\/\/www.mathier.com\/wp-content\/uploads\/2024\/09\/nase_mann_riecht_am_rotweinglas-1536x864.jpg 1536w, https:\/\/www.mathier.com\/wp-content\/uploads\/2024\/09\/nase_mann_riecht_am_rotweinglas.jpg 1920w\" sizes=\"(max-width: 1024px) 100vw, 1024px\" \/><\/figure>\n\n<p>Le terme \u00ab\u00a0nez\u00a0\u00bb est utilis\u00e9 \u00e0 la fois pour d\u00e9signer la sensation olfactive du d\u00e9gustateur et comme synonyme de l&rsquo;odeur du vin lui-m\u00eame. C&rsquo;est tout simplement plus agr\u00e9able \u00e0 entendre que d&rsquo;attribuer une odeur au vin. Le mot odeur a tendance \u00e0 avoir un caract\u00e8re plut\u00f4t n\u00e9gatif, car les odeurs sont majoritairement connot\u00e9es n\u00e9gativement, alors que les ar\u00f4mes sont majoritairement attribu\u00e9s \u00e0 des odeurs agr\u00e9ables. C&rsquo;est pourquoi le terme \u00ab\u00a0ar\u00f4me\u00a0\u00bb est souvent utilis\u00e9 \u00e0 c\u00f4t\u00e9 du terme \u00ab\u00a0nez\u00a0\u00bb, m\u00eame si les deux d\u00e9signent en fin de compte l&rsquo;odeur du vin. Et lorsqu&rsquo;il est question d&rsquo;un grand nez, il ne s&rsquo;agit \u00e9videmment pas de la taille r\u00e9elle de l&rsquo;organe humain. Il s&rsquo;agit plut\u00f4t d&rsquo;une odeur ou d&rsquo;un parfum puissant et intense.     <\/p>\n\n<figure class=\"wp-block-image\" style=\"margin-top:20px;margin-bottom:20px\"><img decoding=\"async\" width=\"1024\" height=\"576\" src=\"https:\/\/www.mathier.com\/wp-content\/uploads\/2024\/09\/nase_frau_riecht_am_rotweinglas-1024x576.jpg\" alt=\"Une femme sent un verre de vin rouge - &#xE9;valuation sensorielle du vin\" class=\"wp-image-2484\" srcset=\"https:\/\/www.mathier.com\/wp-content\/uploads\/2024\/09\/nase_frau_riecht_am_rotweinglas-1024x576.jpg 1024w, https:\/\/www.mathier.com\/wp-content\/uploads\/2024\/09\/nase_frau_riecht_am_rotweinglas-300x169.jpg 300w, https:\/\/www.mathier.com\/wp-content\/uploads\/2024\/09\/nase_frau_riecht_am_rotweinglas-768x432.jpg 768w, https:\/\/www.mathier.com\/wp-content\/uploads\/2024\/09\/nase_frau_riecht_am_rotweinglas-1536x864.jpg 1536w, https:\/\/www.mathier.com\/wp-content\/uploads\/2024\/09\/nase_frau_riecht_am_rotweinglas.jpg 1920w\" sizes=\"(max-width: 1024px) 100vw, 1024px\" \/><\/figure>\n\n<p>Le nez d&rsquo;un vin peut comprendre une large gamme d&rsquo;ar\u00f4mes et de parfums, allant du fruit\u00e9 et du floral \u00e0 l&rsquo;\u00e9pic\u00e9, au terreux ou m\u00eame \u00e0 l&rsquo;animal. Chaque vin a ses propres ar\u00f4mes caract\u00e9ristiques, qui sont influenc\u00e9s par diff\u00e9rents facteurs, notamment le c\u00e9page, le climat et les conditions du sol, les techniques de vinification et le vieillissement. <\/p>\n\n<figure class=\"wp-block-image\" style=\"margin-top:20px;margin-bottom:20px\"><img decoding=\"async\" width=\"1024\" height=\"576\" src=\"https:\/\/www.mathier.com\/wp-content\/uploads\/2024\/09\/nase_weinsommelier_riecht_am_rotweinglas-1024x576.jpg\" alt=\"Le sommelier sent le verre de vin rouge - d&#xE9;gustation et reconnaissance des ar&#xF4;mes\" class=\"wp-image-2487\" srcset=\"https:\/\/www.mathier.com\/wp-content\/uploads\/2024\/09\/nase_weinsommelier_riecht_am_rotweinglas-1024x576.jpg 1024w, https:\/\/www.mathier.com\/wp-content\/uploads\/2024\/09\/nase_weinsommelier_riecht_am_rotweinglas-300x169.jpg 300w, https:\/\/www.mathier.com\/wp-content\/uploads\/2024\/09\/nase_weinsommelier_riecht_am_rotweinglas-768x432.jpg 768w, https:\/\/www.mathier.com\/wp-content\/uploads\/2024\/09\/nase_weinsommelier_riecht_am_rotweinglas-1536x864.jpg 1536w, https:\/\/www.mathier.com\/wp-content\/uploads\/2024\/09\/nase_weinsommelier_riecht_am_rotweinglas.jpg 1920w\" sizes=\"(max-width: 1024px) 100vw, 1024px\" \/><\/figure>\n\n<p>Lors de la d\u00e9gustation d&rsquo;un vin, le nez est souvent consid\u00e9r\u00e9 en quatre \u00e9tapes :<\/p>\n\n<ol class=\"wp-block-list\">\n<li>Le premier nez (en fran\u00e7ais \u00ab\u00a0le premier nez\u00a0\u00bb) qui se concentre sur les ar\u00f4mes per\u00e7us imm\u00e9diatement apr\u00e8s avoir vers\u00e9 le vin.<\/li>\n\n\n\n<li>Le deuxi\u00e8me nez, o\u00f9 le vin reste un peu plus longtemps dans le verre et o\u00f9 d&rsquo;autres ar\u00f4mes peuvent se d\u00e9velopper.<\/li>\n\n\n\n<li>Le troisi\u00e8me nez, qui consiste \u00e0 sentir \u00e0 nouveau le vin apr\u00e8s avoir fait tourner le verre, afin de d\u00e9couvrir des ar\u00f4mes \u00e9ventuellement cach\u00e9s ou plus subtils.<\/li>\n\n\n\n<li>Le quatri\u00e8me nez, o\u00f9 les derni\u00e8res impressions olfactives sont obtenues en reniflant dans un verre vide. Il peut confirmer des impressions ant\u00e9rieures ou r\u00e9v\u00e9ler des ar\u00f4mes tr\u00e8s persistants. Le quatri\u00e8me nez est \u00e9galement utilis\u00e9 pour d\u00e9terminer d\u00e9finitivement si un <a href=\"https:\/\/www.mathier-shop.com\/de\/empfehlungen\/nach-geschmack\/barriquewein\" rel=\"noopener\">vin a \u00e9t\u00e9 \u00e9lev\u00e9 en barrique<\/a>.  <\/li>\n<\/ol>\n\n<figure class=\"wp-block-image\" style=\"margin-top:20px;margin-bottom:20px\"><img loading=\"lazy\" decoding=\"async\" width=\"1024\" height=\"576\" src=\"https:\/\/www.mathier.com\/wp-content\/uploads\/2024\/09\/nase_barriquekeller-1024x576.jpg\" alt=\"Cave &#xE0; barriques avec f&#xFB;ts de vin - Maturation et affinage des ar&#xF4;mes\" class=\"wp-image-2493\" srcset=\"https:\/\/www.mathier.com\/wp-content\/uploads\/2024\/09\/nase_barriquekeller-1024x576.jpg 1024w, https:\/\/www.mathier.com\/wp-content\/uploads\/2024\/09\/nase_barriquekeller-300x169.jpg 300w, https:\/\/www.mathier.com\/wp-content\/uploads\/2024\/09\/nase_barriquekeller-768x432.jpg 768w, https:\/\/www.mathier.com\/wp-content\/uploads\/2024\/09\/nase_barriquekeller-1536x864.jpg 1536w, https:\/\/www.mathier.com\/wp-content\/uploads\/2024\/09\/nase_barriquekeller.jpg 1920w\" sizes=\"(max-width: 1024px) 100vw, 1024px\" \/><\/figure>\n\n<p>Le nez d&rsquo;un vin peut aider \u00e0 fournir des informations sur le degr\u00e9 de maturit\u00e9 du vin, sa complexit\u00e9, sa fra\u00eecheur et son \u00e9volution potentielle dans le temps. Il est toutefois important de noter que la perception du nez est subjective et peut varier d&rsquo;une personne \u00e0 l&rsquo;autre. Chacun a ses propres sensations et associations avec certains ar\u00f4mes, c&rsquo;est pourquoi la description du nez d&rsquo;un vin peut varier d&rsquo;un d\u00e9gustateur \u00e0 l&rsquo;autre.  <\/p>\n\n<figure class=\"wp-block-image\" style=\"margin-top:20px;margin-bottom:20px\"><img loading=\"lazy\" decoding=\"async\" width=\"1024\" height=\"576\" src=\"https:\/\/www.mathier.com\/wp-content\/uploads\/2024\/09\/nase_weinsommelier_riecht_am_weissweinglas-1024x576.jpg\" alt=\"Le sommelier sent le verre de vin blanc - reconna&#xEE;tre le nez et le profil aromatique\" class=\"wp-image-2490\" srcset=\"https:\/\/www.mathier.com\/wp-content\/uploads\/2024\/09\/nase_weinsommelier_riecht_am_weissweinglas-1024x576.jpg 1024w, https:\/\/www.mathier.com\/wp-content\/uploads\/2024\/09\/nase_weinsommelier_riecht_am_weissweinglas-300x169.jpg 300w, https:\/\/www.mathier.com\/wp-content\/uploads\/2024\/09\/nase_weinsommelier_riecht_am_weissweinglas-768x432.jpg 768w, https:\/\/www.mathier.com\/wp-content\/uploads\/2024\/09\/nase_weinsommelier_riecht_am_weissweinglas-1536x864.jpg 1536w, https:\/\/www.mathier.com\/wp-content\/uploads\/2024\/09\/nase_weinsommelier_riecht_am_weissweinglas.jpg 1920w\" sizes=\"(max-width: 1024px) 100vw, 1024px\" \/><\/figure>\n","protected":false},"excerpt":{"rendered":"<p>Le nez d&rsquo;un vin va des ar\u00f4mes imm\u00e9diats lorsqu&rsquo;on le verse aux parfums subtils qui restent dans le verre vide.<\/p>\n","protected":false},"author":3,"featured_media":2478,"comment_status":"closed","ping_status":"closed","sticky":false,"template":"","format":"standard","meta":{"footnotes":""},"categories":[161],"tags":[162],"class_list":["post-2784","post","type-post","status-publish","format-standard","has-post-thumbnail","hentry","category-magazine-du-vin","tag-lexique"],"_links":{"self":[{"href":"https:\/\/www.mathier.com\/fr\/wp-json\/wp\/v2\/posts\/2784","targetHints":{"allow":["GET"]}}],"collection":[{"href":"https:\/\/www.mathier.com\/fr\/wp-json\/wp\/v2\/posts"}],"about":[{"href":"https:\/\/www.mathier.com\/fr\/wp-json\/wp\/v2\/types\/post"}],"author":[{"embeddable":true,"href":"https:\/\/www.mathier.com\/fr\/wp-json\/wp\/v2\/users\/3"}],"replies":[{"embeddable":true,"href":"https:\/\/www.mathier.com\/fr\/wp-json\/wp\/v2\/comments?post=2784"}],"version-history":[{"count":5,"href":"https:\/\/www.mathier.com\/fr\/wp-json\/wp\/v2\/posts\/2784\/revisions"}],"predecessor-version":[{"id":19309,"href":"https:\/\/www.mathier.com\/fr\/wp-json\/wp\/v2\/posts\/2784\/revisions\/19309"}],"wp:featuredmedia":[{"embeddable":true,"href":"https:\/\/www.mathier.com\/fr\/wp-json\/wp\/v2\/media\/2478"}],"wp:attachment":[{"href":"https:\/\/www.mathier.com\/fr\/wp-json\/wp\/v2\/media?parent=2784"}],"wp:term":[{"taxonomy":"category","embeddable":true,"href":"https:\/\/www.mathier.com\/fr\/wp-json\/wp\/v2\/categories?post=2784"},{"taxonomy":"post_tag","embeddable":true,"href":"https:\/\/www.mathier.com\/fr\/wp-json\/wp\/v2\/tags?post=2784"}],"curies":[{"name":"wp","href":"https:\/\/api.w.org\/{rel}","templated":true}]}}