{"id":4280,"date":"2025-01-06T07:43:27","date_gmt":"2025-01-06T06:43:27","guid":{"rendered":"https:\/\/www.mathier.com\/?p=4280"},"modified":"2026-02-23T14:44:50","modified_gmt":"2026-02-23T13:44:50","slug":"trockenfleisch","status":"publish","type":"post","link":"https:\/\/www.mathier.com\/fr\/blog\/trockenfleisch\/","title":{"rendered":"Viande s\u00e9ch\u00e9e"},"content":{"rendered":"\n<h2 class=\"wp-block-heading\" style=\"font-size:1.75rem\">Viande s\u00e9ch\u00e9e du Valais<\/h2>\n\n<p>La capacit\u00e9 de l&rsquo;homme \u00e0 s&rsquo;adapter \u00e0 un environnement donn\u00e9 et \u00e0 tirer habilement parti, par exemple, des conditions climatiques et g\u00e9ographiques, a d\u00e9j\u00e0 donn\u00e9 naissance \u00e0 d&rsquo;innombrables produits de luxe. La viande s\u00e9ch\u00e9e du Valais fait certainement partie de ces r\u00e9alisations, au m\u00eame titre que le <a href=\"https:\/\/www.mathier-shop.com\/fr\/\" rel=\"noopener\">vin du Valais<\/a>. <\/p>\n\n<p>Invent\u00e9e \u00e0 l&rsquo;\u00e9poque (la premi\u00e8re mention de la fabrication de viande s\u00e9ch\u00e9e en Valais remonte au 14e si\u00e8cle) plus ou moins par n\u00e9cessit\u00e9, pour passer la saison froide sans encombre gr\u00e2ce \u00e0 des r\u00e9serves de nourriture conserv\u00e9es dans les r\u00e9gions de montagne, la viande s\u00e9ch\u00e9e est devenue aujourd&rsquo;hui une d\u00e9licatesse unique, qui ne doit en aucun cas manquer lors d&rsquo;un v\u00e9ritable ap\u00e9ritif valaisan ou d&rsquo;une <a href=\"https:\/\/www.mathier.com\/fr\/degustation-de-vin-en-suisse\/\">d\u00e9gustation de vin raffin\u00e9e<\/a>, coup\u00e9e en tranches ultrafines.<\/p>\n\n<figure class=\"wp-block-image\" style=\"margin-top:20px\"><img fetchpriority=\"high\" decoding=\"async\" width=\"1024\" height=\"576\" src=\"https:\/\/www.mathier.com\/wp-content\/uploads\/2024\/10\/walliser_trockenfleisch_am_stueck_auf_einem_holzteller-1024x576.jpg\" alt=\"Viande s&#xE9;ch&#xE9;e enti&#xE8;re du Valais en un seul morceau sur assiette en bois - sp&#xE9;cialit&#xE9; de viande traditionnelle\" class=\"wp-image-2893\" srcset=\"https:\/\/www.mathier.com\/wp-content\/uploads\/2024\/10\/walliser_trockenfleisch_am_stueck_auf_einem_holzteller-1024x576.jpg 1024w, https:\/\/www.mathier.com\/wp-content\/uploads\/2024\/10\/walliser_trockenfleisch_am_stueck_auf_einem_holzteller-300x169.jpg 300w, https:\/\/www.mathier.com\/wp-content\/uploads\/2024\/10\/walliser_trockenfleisch_am_stueck_auf_einem_holzteller-768x432.jpg 768w, https:\/\/www.mathier.com\/wp-content\/uploads\/2024\/10\/walliser_trockenfleisch_am_stueck_auf_einem_holzteller-1536x864.jpg 1536w, https:\/\/www.mathier.com\/wp-content\/uploads\/2024\/10\/walliser_trockenfleisch_am_stueck_auf_einem_holzteller.jpg 1920w\" sizes=\"(max-width: 1024px) 100vw, 1024px\" \/><\/figure>\n\n<p>Alors que dans d&rsquo;autres r\u00e9gions d&rsquo;Europe, le fumage s&rsquo;est impos\u00e9 pour la conservation de la viande ou du poisson, en Valais, ce sont des bergers astucieux qui ont invent\u00e9 et perfectionn\u00e9 au fil des g\u00e9n\u00e9rations le salage et le s\u00e9chage pour la conservation de la viande, gr\u00e2ce aux conditions g\u00e9n\u00e9rales offertes par la nature, comme le soleil, le climat sec et une l\u00e9g\u00e8re brise constante. Le s\u00e9chage \u00e0 l&rsquo;air libre peut se faire dans un grenier (Stadel) ou dans le grenier (en valaisan, cela signifie \u00ab\u00a0attique\u00a0\u00bb) &#8211; dans les Alpes valaisannes, il faut en principe une altitude de 800 \u00e0 1000 m\u00e8tres. <\/p>\n\n<p>Alors que la viande s\u00e9ch\u00e9e d&rsquo;autres r\u00e9gions suisses peut \u00e9galement utiliser de la viande provenant de l&rsquo;\u00e9tranger, la viande s\u00e9ch\u00e9e valaisanne doit contenir 100% de viande de b\u0153uf suisse comme ingr\u00e9dient. Et, au moins aussi important : la viande ne doit \u00eatre transform\u00e9e qu&rsquo;en Valais. De plus, il ne doit s&rsquo;agir que de viande provenant du b\u0153uf. Le label de qualit\u00e9 IGP permet de prot\u00e9ger et d&rsquo;informer les consommateurs. Il s&rsquo;agit de l&rsquo;indication g\u00e9ographique prot\u00e9g\u00e9e (IGP).    <\/p>\n\n<figure class=\"wp-block-image\" style=\"margin-top:20px\"><img decoding=\"async\" width=\"1024\" height=\"576\" src=\"https:\/\/www.mathier.com\/wp-content\/uploads\/2024\/10\/walliser_trockenfleisch_auf_einem_holzteller-1024x576.jpg\" alt=\"Portion de viande s&#xE9;ch&#xE9;e du Valais sur assiette en bois - d&#xE9;licatesse s&#xE9;ch&#xE9;e &#xE0; l&#039;air libre\" class=\"wp-image-2896\" srcset=\"https:\/\/www.mathier.com\/wp-content\/uploads\/2024\/10\/walliser_trockenfleisch_auf_einem_holzteller-1024x576.jpg 1024w, https:\/\/www.mathier.com\/wp-content\/uploads\/2024\/10\/walliser_trockenfleisch_auf_einem_holzteller-300x169.jpg 300w, https:\/\/www.mathier.com\/wp-content\/uploads\/2024\/10\/walliser_trockenfleisch_auf_einem_holzteller-768x432.jpg 768w, https:\/\/www.mathier.com\/wp-content\/uploads\/2024\/10\/walliser_trockenfleisch_auf_einem_holzteller-1536x864.jpg 1536w, https:\/\/www.mathier.com\/wp-content\/uploads\/2024\/10\/walliser_trockenfleisch_auf_einem_holzteller.jpg 1920w\" sizes=\"(max-width: 1024px) 100vw, 1024px\" \/><\/figure>\n\n<p>Il existe 35 producteurs de viande s\u00e9ch\u00e9e en Valais. Au d\u00e9but de la production, tous d\u00e9coupent et parent soigneusement les morceaux de viande, c&rsquo;est-\u00e0-dire qu&rsquo;ils enl\u00e8vent la graisse et les tendons. Ensuite, la future viande s\u00e9ch\u00e9e est mise \u00e0 mac\u00e9rer dans un m\u00e9lange de sel, d&rsquo;herbes et d&rsquo;\u00e9pices. Chaque producteur garde la recette de ce m\u00e9lange comme la prunelle de ses yeux. L&rsquo;exp\u00e9rience montre que l&rsquo;on utilise des m\u00e9langes individuels de basilic, de sarriette, d&rsquo;estragon, de clou de girofle, d&rsquo;ail, de coriandre, de liv\u00e8che, de laurier, de marjolaine, de noix de muscade, d&rsquo;origan, de poivre, de romarin, de sauge, de thym et de geni\u00e8vre. D&rsquo;autres plantes sont \u00e9galement autoris\u00e9es, mais elles ne doivent pas dominer le m\u00e9lange en termes de go\u00fbt. Et les plantes ayant un effet colorant comme le curry, le curcuma ou le paprika sont en principe interdites.      <\/p>\n\n<p>Les morceaux de viande sont ensuite lav\u00e9s. Pour que les pores de la viande s&rsquo;ouvrent, ils ne doivent pas \u00eatre press\u00e9s plus d&rsquo;une fois. L&rsquo;ouverture des pores de la viande permet d&rsquo;une part la respiration et d&rsquo;autre part conf\u00e8re \u00e0 la viande sa forme rectangulaire typique. Lors du s\u00e9chage \u00e0 l&rsquo;air libre qui s&rsquo;ensuit, les morceaux de viande perdent 40 \u00e0 50 % de leur poids initial. La phase de s\u00e9chage peut durer de cinq \u00e0 seize semaines, selon la taille de chaque morceau de viande. Pendant cette p\u00e9riode, la viande s\u00e8che du Valais d\u00e9veloppe non seulement une grande vari\u00e9t\u00e9 d&rsquo;ar\u00f4mes en raison de l&rsquo;\u00e9limination de l&rsquo;eau, mais elle se couvre \u00e9galement d&rsquo;une couche de moisissure noble qui constitue sa surface caract\u00e9ristique. De plus, le fabricant v\u00e9rifie r\u00e9guli\u00e8rement la qualit\u00e9 irr\u00e9prochable des morceaux de viande (aspect et odeur de la viande s\u00e9ch\u00e9e).     <\/p>\n\n<figure class=\"wp-block-image\" style=\"margin-top:20px\"><img decoding=\"async\" width=\"1024\" height=\"576\" src=\"https:\/\/www.mathier.com\/wp-content\/uploads\/2024\/10\/walliser_trockenfleisch_geschnitten-1024x576.jpg\" alt=\"Viande s&#xE9;ch&#xE9;e du Valais en tranches - pr&#xEA;te &#xE0; &#xEA;tre d&#xE9;gust&#xE9;e\" class=\"wp-image-2910\" srcset=\"https:\/\/www.mathier.com\/wp-content\/uploads\/2024\/10\/walliser_trockenfleisch_geschnitten-1024x576.jpg 1024w, https:\/\/www.mathier.com\/wp-content\/uploads\/2024\/10\/walliser_trockenfleisch_geschnitten-300x169.jpg 300w, https:\/\/www.mathier.com\/wp-content\/uploads\/2024\/10\/walliser_trockenfleisch_geschnitten-768x432.jpg 768w, https:\/\/www.mathier.com\/wp-content\/uploads\/2024\/10\/walliser_trockenfleisch_geschnitten-1536x864.jpg 1536w, https:\/\/www.mathier.com\/wp-content\/uploads\/2024\/10\/walliser_trockenfleisch_geschnitten.jpg 1920w\" sizes=\"(max-width: 1024px) 100vw, 1024px\" \/><\/figure>\n\n<p>La viande s\u00e9ch\u00e9e du Valais se reconna\u00eet \u00e0 sa consistance ferme et \u00e0 sa couleur pourpre uniforme. Elle se consomme coup\u00e9e en tranches tr\u00e8s fines. Gr\u00e2ce \u00e0 la maturation \u00e0 l&rsquo;air sec, la viande conserve son go\u00fbt original et offre un bouquet d\u00e9licat. La viande s\u00e9ch\u00e9e se consomme toujours crue. Elle est vendue en morceaux ou en tranches toute l&rsquo;ann\u00e9e. Gr\u00e2ce \u00e0 la diversit\u00e9 de ses ar\u00f4mes, elle se d\u00e9guste aussi bien avec un <a href=\"https:\/\/www.mathier-shop.com\/fr\/tous-les-vins\/vin-blanc\" rel=\"noopener\">vin blanc valaisan raffin\u00e9<\/a> qu&rsquo;avec un <a href=\"https:\/\/www.mathier-shop.com\/fr\/tous-les-vins\/vin-blanc\" rel=\"noopener\">vin rouge valaisan<\/a> ou un <a href=\"https:\/\/www.mathier-shop.com\/fr\/tous-les-vins\/vin-mousseux\" rel=\"noopener\">vin mousseux valaisan<\/a>.     <\/p>\n\n<p>Conserv\u00e9e au sec et \u00e0 l&rsquo;abri de la lumi\u00e8re, elle se conserve plusieurs semaines. Peu probable, car elle est tr\u00e8s appr\u00e9ci\u00e9e et sera rapidement consomm\u00e9e, mais tout \u00e0 fait possible : la viande s\u00e9ch\u00e9e peut \u00e9galement \u00eatre congel\u00e9e plusieurs mois sans probl\u00e8me. <\/p>\n\n<p>Chez Diego Mathier, triple meilleur vigneron suisse en 2018, 2011 et 2007, dans le pittoresque village viticole de Salquenen, il est possible de <a href=\"https:\/\/www.mathier.com\/fr\/degustation-de-vin-en-suisse\/\">d\u00e9guster, sur r\u00e9servation pr\u00e9alable,<\/a> une assiette valaisanne sur laquelle se trouve \u00e9galement de la viande s\u00e9ch\u00e9e valaisanne. On peut aussi la d\u00e9guster au restaurant Barrique du vigneron \u00e0 succ\u00e8s de Salquenen &#8211; par beau temps, sur la terrasse ensoleill\u00e9e et prot\u00e9g\u00e9e, et bien s\u00fbr toujours accompagn\u00e9e d&rsquo;un bon verre de vin Mathier, une exp\u00e9rience de plaisir tout \u00e0 fait particuli\u00e8re. <\/p>\n\n<figure class=\"wp-block-image\" style=\"margin-top:20px\"><img loading=\"lazy\" decoding=\"async\" width=\"1024\" height=\"576\" src=\"https:\/\/www.mathier.com\/wp-content\/uploads\/2024\/10\/walliser_trockenfleisch_walliserteller-1-1024x576.jpg\" alt=\"Assiette valaisanne avec viande s&#xE9;ch&#xE9;e et garnitures - cuisine r&#xE9;gionale traditionnelle\" class=\"wp-image-2905\" srcset=\"https:\/\/www.mathier.com\/wp-content\/uploads\/2024\/10\/walliser_trockenfleisch_walliserteller-1-1024x576.jpg 1024w, https:\/\/www.mathier.com\/wp-content\/uploads\/2024\/10\/walliser_trockenfleisch_walliserteller-1-300x169.jpg 300w, https:\/\/www.mathier.com\/wp-content\/uploads\/2024\/10\/walliser_trockenfleisch_walliserteller-1-768x432.jpg 768w, https:\/\/www.mathier.com\/wp-content\/uploads\/2024\/10\/walliser_trockenfleisch_walliserteller-1-1536x864.jpg 1536w, https:\/\/www.mathier.com\/wp-content\/uploads\/2024\/10\/walliser_trockenfleisch_walliserteller-1.jpg 1920w\" sizes=\"(max-width: 1024px) 100vw, 1024px\" \/><\/figure>\n\n<hr class=\"wp-block-separator has-alpha-channel-opacity is-style-wide\" style=\"margin-top:2.5rem;margin-bottom:1.5rem\"\/>\n\n<h3 class=\"wp-block-heading\" style=\"padding-top:1rem;font-size:1.5rem\">FAQ :<\/h3>\n\n<h4 class=\"wp-block-heading\" style=\"font-size:1.13rem\">Qu&rsquo;est-ce qui caract\u00e9rise la Viande s\u00e9ch\u00e9e du Valais ?<\/h4>\n\n<p>La viande s\u00e9ch\u00e9e du Valais ne peut \u00eatre produite qu&rsquo;\u00e0 partir de viande de b\u0153uf provenant de Suisse. De plus, la viande doit imp\u00e9rativement \u00eatre transform\u00e9e en Valais. Seule la cuisse de b\u0153uf peut \u00eatre transform\u00e9e en viande.  <\/p>\n\n<h4 class=\"wp-block-heading\" style=\"padding-top:1rem;font-size:1.13rem\">Que signifie le label IGP\/IGP pour la viande s\u00e9ch\u00e9e du Valais ?<\/h4>\n\n<p>IGP est l&rsquo;abr\u00e9viation d&rsquo;indication g\u00e9ographique prot\u00e9g\u00e9e ou IGP en fran\u00e7ais. Elle permet au producteur de Viande s\u00e9ch\u00e9e du Valais de prouver, d&rsquo;une part, que la naissance, l&rsquo;engraissement, l&rsquo;abattage et la d\u00e9coupe des bovins ont eu lieu exclusivement en Suisse et, d&rsquo;autre part, que la viande de coin, de sous-carcasse, de noix ronde, de noix plate ou de moelle ronde (poisson) correspondante a \u00e9t\u00e9 sal\u00e9e et s\u00e9ch\u00e9e exclusivement dans le canton du Valais. <\/p>\n\n<h4 class=\"wp-block-heading\" style=\"padding-top:1rem;font-size:1.13rem\">Quelle est la dur\u00e9e de la phase de s\u00e9chage \u00e0 l&rsquo;air de la Viande s\u00e9ch\u00e9e du Valais ?<\/h4>\n\n<p>Selon la taille du morceau de viande, la phase de s\u00e9chage \u00e0 l&rsquo;air dure de cinq \u00e0 seize semaines. Pendant cette p\u00e9riode, la viande s\u00e9ch\u00e9e du Valais d\u00e9veloppe non seulement une grande vari\u00e9t\u00e9 d&rsquo;ar\u00f4mes en raison de la d\u00e9shydratation. Pendant cette p\u00e9riode, les morceaux de viande sont r\u00e9guli\u00e8rement contr\u00f4l\u00e9s par le fabricant pour s&rsquo;assurer de leur qualit\u00e9 irr\u00e9prochable (aspect et odeur de la viande s\u00e9ch\u00e9e).  <\/p>\n\n<p><\/p>\n","protected":false},"excerpt":{"rendered":"<p>La capacit\u00e9 d&rsquo;adaptation de l&rsquo;homme a cr\u00e9\u00e9 de nombreux produits de luxe &#8211; dont la viande s\u00e9ch\u00e9e du Valais et le vin du Valais.<\/p>\n","protected":false},"author":3,"featured_media":2901,"comment_status":"closed","ping_status":"closed","sticky":false,"template":"","format":"standard","meta":{"footnotes":""},"categories":[161],"tags":[179],"class_list":["post-4280","post","type-post","status-publish","format-standard","has-post-thumbnail","hentry","category-magazine-du-vin","tag-valais"],"_links":{"self":[{"href":"https:\/\/www.mathier.com\/fr\/wp-json\/wp\/v2\/posts\/4280","targetHints":{"allow":["GET"]}}],"collection":[{"href":"https:\/\/www.mathier.com\/fr\/wp-json\/wp\/v2\/posts"}],"about":[{"href":"https:\/\/www.mathier.com\/fr\/wp-json\/wp\/v2\/types\/post"}],"author":[{"embeddable":true,"href":"https:\/\/www.mathier.com\/fr\/wp-json\/wp\/v2\/users\/3"}],"replies":[{"embeddable":true,"href":"https:\/\/www.mathier.com\/fr\/wp-json\/wp\/v2\/comments?post=4280"}],"version-history":[{"count":5,"href":"https:\/\/www.mathier.com\/fr\/wp-json\/wp\/v2\/posts\/4280\/revisions"}],"predecessor-version":[{"id":19354,"href":"https:\/\/www.mathier.com\/fr\/wp-json\/wp\/v2\/posts\/4280\/revisions\/19354"}],"wp:featuredmedia":[{"embeddable":true,"href":"https:\/\/www.mathier.com\/fr\/wp-json\/wp\/v2\/media\/2901"}],"wp:attachment":[{"href":"https:\/\/www.mathier.com\/fr\/wp-json\/wp\/v2\/media?parent=4280"}],"wp:term":[{"taxonomy":"category","embeddable":true,"href":"https:\/\/www.mathier.com\/fr\/wp-json\/wp\/v2\/categories?post=4280"},{"taxonomy":"post_tag","embeddable":true,"href":"https:\/\/www.mathier.com\/fr\/wp-json\/wp\/v2\/tags?post=4280"}],"curies":[{"name":"wp","href":"https:\/\/api.w.org\/{rel}","templated":true}]}}