{"id":4290,"date":"2025-01-06T07:43:14","date_gmt":"2025-01-06T06:43:14","guid":{"rendered":"https:\/\/www.mathier.com\/?p=4290"},"modified":"2026-02-23T15:31:50","modified_gmt":"2026-02-23T14:31:50","slug":"diamantene-hochzeit","status":"publish","type":"post","link":"https:\/\/www.mathier.com\/fr\/blog\/diamantene-hochzeit\/","title":{"rendered":"Noces de diamant"},"content":{"rendered":"\n<h2 class=\"wp-block-heading\" style=\"font-size:1.75rem\">Noces de diamant d&rsquo;Adrian et Rosmarie Mathier<\/h2>\n\n<p>Nous savons tous qu&rsquo;il faut bien plus de 60 ans pour qu&rsquo;un diamant parfait se forme. Mais en tant que pierre pr\u00e9cieuse incroyablement pr\u00e9cieuse et robuste, qui fait en outre partie des mat\u00e9riaux les plus durs que l&rsquo;on trouve sur notre plan\u00e8te, il n&rsquo;est que juste et pertinent que le soixanti\u00e8me anniversaire de mariage soit ennobli par ce pr\u00e9cieux joyau. En effet, apr\u00e8s 60 ans, le mariage est lui aussi presque incassable, magnifique, pr\u00e9cieux et parfait dans sa forme.  <\/p>\n\n<figure class=\"wp-block-image\" style=\"margin-top:20px;margin-bottom:20px\"><img fetchpriority=\"high\" decoding=\"async\" width=\"1024\" height=\"576\" src=\"https:\/\/www.mathier.com\/wp-content\/uploads\/2024\/11\/diamantene_hochzeit_adrian_rosmarie-1024x576.jpg\" alt=\"Adrian et Rosmarie lors de leurs noces de diamant\" class=\"wp-image-3030\" srcset=\"https:\/\/www.mathier.com\/wp-content\/uploads\/2024\/11\/diamantene_hochzeit_adrian_rosmarie-1024x576.jpg 1024w, https:\/\/www.mathier.com\/wp-content\/uploads\/2024\/11\/diamantene_hochzeit_adrian_rosmarie-300x169.jpg 300w, https:\/\/www.mathier.com\/wp-content\/uploads\/2024\/11\/diamantene_hochzeit_adrian_rosmarie-768x432.jpg 768w, https:\/\/www.mathier.com\/wp-content\/uploads\/2024\/11\/diamantene_hochzeit_adrian_rosmarie-1536x864.jpg 1536w, https:\/\/www.mathier.com\/wp-content\/uploads\/2024\/11\/diamantene_hochzeit_adrian_rosmarie.jpg 1920w\" sizes=\"(max-width: 1024px) 100vw, 1024px\" \/><\/figure>\n\n<p>C&rsquo;est donc avec fiert\u00e9 que Rosmarie et Adrian ont f\u00eat\u00e9 leurs noces de diamant le 19 ao\u00fbt 2023, entour\u00e9s de leur famille et par un temps magnifique. Comme il se doit, ils ont port\u00e9 un toast au bonheur de leur mariage avec leur vin pr\u00e9f\u00e9r\u00e9, la <a href=\"https:\/\/www.mathier-shop.com\/fr\/cuvee-madame-rosmarie-mathier-weiss\" rel=\"noopener\">cuv\u00e9e Madame Rosmarie Mathier blanc<\/a> et rouge. Leurs noces de diamant ont \u00e9galement \u00e9t\u00e9 l&rsquo;occasion de se rem\u00e9morer une vie commune bien remplie en tant que couple de vignerons.  <\/p>\n\n<figure class=\"wp-block-image\" style=\"margin-top:20px;margin-bottom:20px\"><img decoding=\"async\" width=\"1024\" height=\"576\" src=\"https:\/\/www.mathier.com\/wp-content\/uploads\/2024\/11\/diamantene_hochzeit_adrian_rosmarie_im_rebberg-1024x576.jpg\" alt=\"Adrian et Rosmarie dans les vignes &#xE0; l&#039;occasion de leurs noces de diamant\" class=\"wp-image-3040\" srcset=\"https:\/\/www.mathier.com\/wp-content\/uploads\/2024\/11\/diamantene_hochzeit_adrian_rosmarie_im_rebberg-1024x576.jpg 1024w, https:\/\/www.mathier.com\/wp-content\/uploads\/2024\/11\/diamantene_hochzeit_adrian_rosmarie_im_rebberg-300x169.jpg 300w, https:\/\/www.mathier.com\/wp-content\/uploads\/2024\/11\/diamantene_hochzeit_adrian_rosmarie_im_rebberg-768x432.jpg 768w, https:\/\/www.mathier.com\/wp-content\/uploads\/2024\/11\/diamantene_hochzeit_adrian_rosmarie_im_rebberg-1536x864.jpg 1536w, https:\/\/www.mathier.com\/wp-content\/uploads\/2024\/11\/diamantene_hochzeit_adrian_rosmarie_im_rebberg.jpg 1920w\" sizes=\"(max-width: 1024px) 100vw, 1024px\" \/><\/figure>\n\n<p>Apr\u00e8s tout, ce sont eux qui, en troisi\u00e8me g\u00e9n\u00e9ration, ont marqu\u00e9 de leur empreinte le <a href=\"https:\/\/www.mathier.com\/fr\/famille-et-histoire\/\">domaine viticole traditionnel Adrian &amp; Diego Mathier Nouveau Salquenen<\/a> pendant de nombreuses d\u00e9cennies et qui ont ainsi pos\u00e9 une pierre angulaire importante du succ\u00e8s actuel. M\u00eame si le chemin n&rsquo;a pas toujours \u00e9t\u00e9 facile, les deux hommes se compl\u00e9taient parfaitement, non seulement en tant que couple, mais aussi lorsqu&rsquo;il s&rsquo;agissait de prendre en main le destin du domaine viticole. <\/p>\n\n<figure class=\"wp-block-image\" style=\"margin-top:20px;margin-bottom:20px\"><img decoding=\"async\" width=\"1024\" height=\"576\" src=\"https:\/\/www.mathier.com\/wp-content\/uploads\/2024\/11\/diamantene_hochzei_adrian-1024x576.jpg\" alt=\"Portrait d&#039;Adrian &#xE0; l&#039;occasion de ses noces de diamant\" class=\"wp-image-3036\" srcset=\"https:\/\/www.mathier.com\/wp-content\/uploads\/2024\/11\/diamantene_hochzei_adrian-1024x576.jpg 1024w, https:\/\/www.mathier.com\/wp-content\/uploads\/2024\/11\/diamantene_hochzei_adrian-300x169.jpg 300w, https:\/\/www.mathier.com\/wp-content\/uploads\/2024\/11\/diamantene_hochzei_adrian-768x432.jpg 768w, https:\/\/www.mathier.com\/wp-content\/uploads\/2024\/11\/diamantene_hochzei_adrian-1536x864.jpg 1536w, https:\/\/www.mathier.com\/wp-content\/uploads\/2024\/11\/diamantene_hochzei_adrian.jpg 1920w\" sizes=\"(max-width: 1024px) 100vw, 1024px\" \/><\/figure>\n\n<p>Alors que Rosmarie, en tant qu&rsquo;ambassadrice tr\u00e8s appr\u00e9ci\u00e9e du vin valaisan, se distinguait par son charme et son enthousiasme, notamment lors des foires, dans le petit salon du domaine et dans les relations avec les collaborateurs, Adrian, en tant que viticulteur et entrepreneur, s&rsquo;occupait du bien-\u00eatre des raisins, de la culture et des soins dans les vignes jusqu&rsquo;au pressurage et \u00e0 l&rsquo;affinage dans la cave. Le 19 ao\u00fbt dernier, ils \u00e9taient tous deux ravis de constater que les soixante ann\u00e9es de vie commune qui venaient de s&rsquo;\u00e9couler avaient \u00e9t\u00e9 un cadeau magnifique et enrichissant pour tous les deux. <\/p>\n\n<figure class=\"wp-block-image\"><img loading=\"lazy\" decoding=\"async\" width=\"1024\" height=\"576\" src=\"https:\/\/www.mathier.com\/wp-content\/uploads\/2024\/11\/diamantene_hochzei_rosmarie-1024x576.jpg\" alt=\"Portrait de Rosmarie &#xE0; l&#039;occasion de ses noces de diamant\" class=\"wp-image-3033\" srcset=\"https:\/\/www.mathier.com\/wp-content\/uploads\/2024\/11\/diamantene_hochzei_rosmarie-1024x576.jpg 1024w, https:\/\/www.mathier.com\/wp-content\/uploads\/2024\/11\/diamantene_hochzei_rosmarie-300x169.jpg 300w, https:\/\/www.mathier.com\/wp-content\/uploads\/2024\/11\/diamantene_hochzei_rosmarie-768x432.jpg 768w, https:\/\/www.mathier.com\/wp-content\/uploads\/2024\/11\/diamantene_hochzei_rosmarie-1536x864.jpg 1536w, https:\/\/www.mathier.com\/wp-content\/uploads\/2024\/11\/diamantene_hochzei_rosmarie.jpg 1920w\" sizes=\"(max-width: 1024px) 100vw, 1024px\" \/><\/figure>\n","protected":false},"excerpt":{"rendered":"<p>Le 19.08.2023, Rosmarie &amp; Adrian ont c\u00e9l\u00e9br\u00e9 leurs noces de diamant avec leur famille et le vin Cuv\u00e9e Mme Rosmarie Mathier.<\/p>\n","protected":false},"author":3,"featured_media":3029,"comment_status":"closed","ping_status":"closed","sticky":false,"template":"","format":"standard","meta":{"footnotes":""},"categories":[161],"tags":[178],"class_list":["post-4290","post","type-post","status-publish","format-standard","has-post-thumbnail","hentry","category-magazine-du-vin","tag-famille"],"_links":{"self":[{"href":"https:\/\/www.mathier.com\/fr\/wp-json\/wp\/v2\/posts\/4290","targetHints":{"allow":["GET"]}}],"collection":[{"href":"https:\/\/www.mathier.com\/fr\/wp-json\/wp\/v2\/posts"}],"about":[{"href":"https:\/\/www.mathier.com\/fr\/wp-json\/wp\/v2\/types\/post"}],"author":[{"embeddable":true,"href":"https:\/\/www.mathier.com\/fr\/wp-json\/wp\/v2\/users\/3"}],"replies":[{"embeddable":true,"href":"https:\/\/www.mathier.com\/fr\/wp-json\/wp\/v2\/comments?post=4290"}],"version-history":[{"count":5,"href":"https:\/\/www.mathier.com\/fr\/wp-json\/wp\/v2\/posts\/4290\/revisions"}],"predecessor-version":[{"id":19492,"href":"https:\/\/www.mathier.com\/fr\/wp-json\/wp\/v2\/posts\/4290\/revisions\/19492"}],"wp:featuredmedia":[{"embeddable":true,"href":"https:\/\/www.mathier.com\/fr\/wp-json\/wp\/v2\/media\/3029"}],"wp:attachment":[{"href":"https:\/\/www.mathier.com\/fr\/wp-json\/wp\/v2\/media?parent=4290"}],"wp:term":[{"taxonomy":"category","embeddable":true,"href":"https:\/\/www.mathier.com\/fr\/wp-json\/wp\/v2\/categories?post=4290"},{"taxonomy":"post_tag","embeddable":true,"href":"https:\/\/www.mathier.com\/fr\/wp-json\/wp\/v2\/tags?post=4290"}],"curies":[{"name":"wp","href":"https:\/\/api.w.org\/{rel}","templated":true}]}}