{"id":4303,"date":"2025-01-06T07:42:44","date_gmt":"2025-01-06T06:42:44","guid":{"rendered":"https:\/\/www.mathier.com\/?p=4303"},"modified":"2026-02-23T15:31:43","modified_gmt":"2026-02-23T14:31:43","slug":"klima","status":"publish","type":"post","link":"https:\/\/www.mathier.com\/fr\/blog\/klima\/","title":{"rendered":"Climat"},"content":{"rendered":"\n<h2 class=\"wp-block-heading\" style=\"font-size:1.75rem\">Avantages climatiques de la viticulture valaisanne<\/h2>\n\n<p>La vall\u00e9e du Rh\u00f4ne est une vall\u00e9e dite \u00ab\u00a0claire\u00a0\u00bb, car elle est ouverte d&rsquo;est en ouest, avec des expositions uniques au sud (altitude) et au nord. Le l\u00e9ger foehn qui pr\u00e9domine en permanence en Valais balaie ces vignobles et favorise la concentration des jus de raisin. Le Rh\u00f4ne coule en bas de la vall\u00e9e ; sans lui, notre patrie valaisanne ne serait pas seulement un paysage de steppe impuissant &#8211; sans cette eau, la culture de la vigne ne serait tout simplement pas possible chez nous. Parall\u00e8lement, nous avons la chance de b\u00e9n\u00e9ficier d&rsquo;une pluviom\u00e9trie minimale, avec seulement 500 ml de pr\u00e9cipitations par m\u00e8tre carr\u00e9 et par an. Les variations de temp\u00e9rature consid\u00e9rables, avec des nuits fra\u00eeches et des journ\u00e9es plus chaudes que la moyenne, sont en outre de v\u00e9ritables turbomoteurs pour la structure aromatique de nos raisins. Enfin, la vall\u00e9e du Rh\u00f4ne est situ\u00e9e dans une ceinture climatique temp\u00e9r\u00e9e id\u00e9ale pour produire et \u00e9lever avec succ\u00e8s <a href=\"https:\/\/www.mathier-shop.com\/fr\/tous-les-vins\" rel=\"noopener\">d&rsquo;excellents vins blancs, ros\u00e9s, rouges et mousseux<\/a>.     <\/p>\n\n<figure class=\"wp-block-image\" style=\"margin-top:20px;margin-bottom:20px\"><img fetchpriority=\"high\" decoding=\"async\" width=\"1024\" height=\"576\" src=\"https:\/\/www.mathier.com\/wp-content\/uploads\/2024\/11\/klima_niederschlag-1024x576.jpg\" alt=\"Pr&#xE9;cipitations et climat en Valais - influence sur la vigne et la qualit&#xE9; du vin\" class=\"wp-image-3105\" srcset=\"https:\/\/www.mathier.com\/wp-content\/uploads\/2024\/11\/klima_niederschlag-1024x576.jpg 1024w, https:\/\/www.mathier.com\/wp-content\/uploads\/2024\/11\/klima_niederschlag-300x169.jpg 300w, https:\/\/www.mathier.com\/wp-content\/uploads\/2024\/11\/klima_niederschlag-768x432.jpg 768w, https:\/\/www.mathier.com\/wp-content\/uploads\/2024\/11\/klima_niederschlag-1536x864.jpg 1536w, https:\/\/www.mathier.com\/wp-content\/uploads\/2024\/11\/klima_niederschlag.jpg 1920w\" sizes=\"(max-width: 1024px) 100vw, 1024px\" \/><\/figure>\n\n<p>Mais cela n&rsquo;est possible que si nous respectons la nature comme il se doit. C&rsquo;est pourquoi Vitiswiss (Association suisse pour le d\u00e9veloppement durable de la viticulture) nous d\u00e9cerne depuis des ann\u00e9es la plus haute distinction pour notre activit\u00e9. Vitiswiss encourage entre autres la production de raisins sains, la pr\u00e9servation des paysages et de la biodiversit\u00e9 ainsi que la conservation et la promotion des ressources naturelles.  <\/p>\n\n<figure class=\"wp-block-image\" style=\"margin-top:20px;margin-bottom:20px\"><img decoding=\"async\" width=\"1024\" height=\"576\" src=\"https:\/\/www.mathier.com\/wp-content\/uploads\/2024\/11\/klima_herbst-1024x576.jpg\" alt=\"L&#039;automne en Valais - paysage de vignobles et influences climatiques\" class=\"wp-image-3102\" srcset=\"https:\/\/www.mathier.com\/wp-content\/uploads\/2024\/11\/klima_herbst-1024x576.jpg 1024w, https:\/\/www.mathier.com\/wp-content\/uploads\/2024\/11\/klima_herbst-300x169.jpg 300w, https:\/\/www.mathier.com\/wp-content\/uploads\/2024\/11\/klima_herbst-768x432.jpg 768w, https:\/\/www.mathier.com\/wp-content\/uploads\/2024\/11\/klima_herbst-1536x864.jpg 1536w, https:\/\/www.mathier.com\/wp-content\/uploads\/2024\/11\/klima_herbst.jpg 1920w\" sizes=\"(max-width: 1024px) 100vw, 1024px\" \/><\/figure>\n","protected":false},"excerpt":{"rendered":"<p>Le climat du Valais, avec son foehn, ses expositions nord et sud, favorise particuli\u00e8rement la concentration des raisins.<\/p>\n","protected":false},"author":3,"featured_media":3101,"comment_status":"closed","ping_status":"closed","sticky":false,"template":"","format":"standard","meta":{"footnotes":""},"categories":[161],"tags":[174,179],"class_list":["post-4303","post","type-post","status-publish","format-standard","has-post-thumbnail","hentry","category-magazine-du-vin","tag-vignes","tag-valais"],"_links":{"self":[{"href":"https:\/\/www.mathier.com\/fr\/wp-json\/wp\/v2\/posts\/4303","targetHints":{"allow":["GET"]}}],"collection":[{"href":"https:\/\/www.mathier.com\/fr\/wp-json\/wp\/v2\/posts"}],"about":[{"href":"https:\/\/www.mathier.com\/fr\/wp-json\/wp\/v2\/types\/post"}],"author":[{"embeddable":true,"href":"https:\/\/www.mathier.com\/fr\/wp-json\/wp\/v2\/users\/3"}],"replies":[{"embeddable":true,"href":"https:\/\/www.mathier.com\/fr\/wp-json\/wp\/v2\/comments?post=4303"}],"version-history":[{"count":4,"href":"https:\/\/www.mathier.com\/fr\/wp-json\/wp\/v2\/posts\/4303\/revisions"}],"predecessor-version":[{"id":19474,"href":"https:\/\/www.mathier.com\/fr\/wp-json\/wp\/v2\/posts\/4303\/revisions\/19474"}],"wp:featuredmedia":[{"embeddable":true,"href":"https:\/\/www.mathier.com\/fr\/wp-json\/wp\/v2\/media\/3101"}],"wp:attachment":[{"href":"https:\/\/www.mathier.com\/fr\/wp-json\/wp\/v2\/media?parent=4303"}],"wp:term":[{"taxonomy":"category","embeddable":true,"href":"https:\/\/www.mathier.com\/fr\/wp-json\/wp\/v2\/categories?post=4303"},{"taxonomy":"post_tag","embeddable":true,"href":"https:\/\/www.mathier.com\/fr\/wp-json\/wp\/v2\/tags?post=4303"}],"curies":[{"name":"wp","href":"https:\/\/api.w.org\/{rel}","templated":true}]}}