{"id":4319,"date":"2024-10-22T11:02:56","date_gmt":"2024-10-22T09:02:56","guid":{"rendered":"https:\/\/www.mathier.com\/blog\/filles-vin\/"},"modified":"2026-02-23T16:11:21","modified_gmt":"2026-02-23T15:11:21","slug":"toechter-wein","status":"publish","type":"post","link":"https:\/\/www.mathier.com\/fr\/blog\/toechter-wein\/","title":{"rendered":"Filles Vin"},"content":{"rendered":"\n<h2 class=\"wp-block-heading\" id=\"video\" style=\"font-size:1.75rem\">Thelygenie Valsar &#8211; Vins des filles<\/h2>\n\n<figure class=\"wp-block-embed is-type-video is-provider-youtube wp-block-embed-youtube wp-embed-aspect-16-9 wp-has-aspect-ratio\" style=\"margin-top:20px;margin-bottom:20px\"><div class=\"wp-block-embed__wrapper\">\n<iframe title=\"MATHIER TV | Thelygenie Valsar - Weine der T\u00f6chter\" width=\"800\" height=\"450\" src=\"https:\/\/www.youtube.com\/embed\/ERQw6tFtXlw?feature=oembed\" frameborder=\"0\" allow=\"accelerometer; autoplay; clipboard-write; encrypted-media; gyroscope; picture-in-picture; web-share\" referrerpolicy=\"strict-origin-when-cross-origin\" allowfullscreen><\/iframe>\n<\/div><\/figure>\n\n<h2 class=\"wp-block-heading\" style=\"padding-top:1.75rem;font-size:1.75rem\">2 filles Vins de 5 filles avec 1 passion commune<\/h2>\n\n<p>Il y a de nombreuses ann\u00e9es d\u00e9j\u00e0, Diego Mathier avait l&rsquo;habitude de dire que l&rsquo;avenir du domaine Adrian &amp; Diego Mathier Nouveau Salquenen serait f\u00e9minin. Non pas au sens propre du terme, car le futur est grammaticalement f\u00e9minin. Mais plut\u00f4t parce que ses cinq enfants sont des filles. Un ph\u00e9nom\u00e8ne rare, connu sous le nom de th\u00e9lyg\u00e9nie.  <\/p>\n\n<p>Depuis, quelques ann\u00e9es ont pass\u00e9 et l&rsquo;avenir s&rsquo;est install\u00e9 dans le domaine du meilleur vigneron suisse de la d\u00e9cennie. En effet, quatre des cinq filles de Nadia et Diego Mathier s&rsquo;engagent activement et avec passion dans le domaine familial. <\/p>\n\n<figure class=\"wp-block-gallery has-nested-images columns-default is-cropped wp-block-gallery-1 is-layout-flex wp-block-gallery-is-layout-flex\">\n<figure data-wp-context=\"{&quot;imageId&quot;:&quot;69f4a18d59040&quot;}\" data-wp-interactive=\"core\/image\" data-wp-key=\"69f4a18d59040\" class=\"wp-block-image size-large wp-lightbox-container\"><img fetchpriority=\"high\" decoding=\"async\" width=\"1024\" height=\"576\" data-wp-class--hide=\"state.isContentHidden\" data-wp-class--show=\"state.isContentVisible\" data-wp-init=\"callbacks.setButtonStyles\" data-wp-on--click=\"actions.showLightbox\" data-wp-on--load=\"callbacks.setButtonStyles\" data-wp-on-window--resize=\"callbacks.setButtonStyles\" data-id=\"18290\" src=\"https:\/\/www.mathier.com\/wp-content\/uploads\/2024\/10\/toechter_wein_vanja_mathier-1-1024x576.jpg\" alt=\"Vins de filles VALSAR : Vanja Mathier\" class=\"wp-image-18290\" srcset=\"https:\/\/www.mathier.com\/wp-content\/uploads\/2024\/10\/toechter_wein_vanja_mathier-1-1024x576.jpg 1024w, https:\/\/www.mathier.com\/wp-content\/uploads\/2024\/10\/toechter_wein_vanja_mathier-1-300x169.jpg 300w, https:\/\/www.mathier.com\/wp-content\/uploads\/2024\/10\/toechter_wein_vanja_mathier-1-768x432.jpg 768w, https:\/\/www.mathier.com\/wp-content\/uploads\/2024\/10\/toechter_wein_vanja_mathier-1-1536x864.jpg 1536w, https:\/\/www.mathier.com\/wp-content\/uploads\/2024\/10\/toechter_wein_vanja_mathier-1.jpg 1920w\" sizes=\"(max-width: 1024px) 100vw, 1024px\" \/><button\n\t\t\tclass=\"lightbox-trigger\"\n\t\t\ttype=\"button\"\n\t\t\taria-haspopup=\"dialog\"\n\t\t\taria-label=\"Agrandir\"\n\t\t\tdata-wp-init=\"callbacks.initTriggerButton\"\n\t\t\tdata-wp-on--click=\"actions.showLightbox\"\n\t\t\tdata-wp-style--right=\"state.imageButtonRight\"\n\t\t\tdata-wp-style--top=\"state.imageButtonTop\"\n\t\t>\n\t\t\t<svg xmlns=\"http:\/\/www.w3.org\/2000\/svg\" width=\"12\" height=\"12\" fill=\"none\" viewBox=\"0 0 12 12\">\n\t\t\t\t<path fill=\"#fff\" d=\"M2 0a2 2 0 0 0-2 2v2h1.5V2a.5.5 0 0 1 .5-.5h2V0H2Zm2 10.5H2a.5.5 0 0 1-.5-.5V8H0v2a2 2 0 0 0 2 2h2v-1.5ZM8 12v-1.5h2a.5.5 0 0 0 .5-.5V8H12v2a2 2 0 0 1-2 2H8Zm2-12a2 2 0 0 1 2 2v2h-1.5V2a.5.5 0 0 0-.5-.5H8V0h2Z\" \/>\n\t\t\t<\/svg>\n\t\t<\/button><figcaption class=\"wp-element-caption\">Vanja Mathier<\/figcaption><\/figure>\n\n\n\n<figure data-wp-context=\"{&quot;imageId&quot;:&quot;69f4a18d59395&quot;}\" data-wp-interactive=\"core\/image\" data-wp-key=\"69f4a18d59395\" class=\"wp-block-image size-large wp-lightbox-container\"><img decoding=\"async\" width=\"1024\" height=\"576\" data-wp-class--hide=\"state.isContentHidden\" data-wp-class--show=\"state.isContentVisible\" data-wp-init=\"callbacks.setButtonStyles\" data-wp-on--click=\"actions.showLightbox\" data-wp-on--load=\"callbacks.setButtonStyles\" data-wp-on-window--resize=\"callbacks.setButtonStyles\" data-id=\"18287\" src=\"https:\/\/www.mathier.com\/wp-content\/uploads\/2024\/10\/toechter_wein_larissa_mathier-1-1024x576.jpg\" alt=\"Vins de filles VALSAR : Larissa Mathier\" class=\"wp-image-18287\" srcset=\"https:\/\/www.mathier.com\/wp-content\/uploads\/2024\/10\/toechter_wein_larissa_mathier-1-1024x576.jpg 1024w, https:\/\/www.mathier.com\/wp-content\/uploads\/2024\/10\/toechter_wein_larissa_mathier-1-300x169.jpg 300w, https:\/\/www.mathier.com\/wp-content\/uploads\/2024\/10\/toechter_wein_larissa_mathier-1-768x432.jpg 768w, https:\/\/www.mathier.com\/wp-content\/uploads\/2024\/10\/toechter_wein_larissa_mathier-1-1536x864.jpg 1536w, https:\/\/www.mathier.com\/wp-content\/uploads\/2024\/10\/toechter_wein_larissa_mathier-1.jpg 1920w\" sizes=\"(max-width: 1024px) 100vw, 1024px\" \/><button\n\t\t\tclass=\"lightbox-trigger\"\n\t\t\ttype=\"button\"\n\t\t\taria-haspopup=\"dialog\"\n\t\t\taria-label=\"Agrandir\"\n\t\t\tdata-wp-init=\"callbacks.initTriggerButton\"\n\t\t\tdata-wp-on--click=\"actions.showLightbox\"\n\t\t\tdata-wp-style--right=\"state.imageButtonRight\"\n\t\t\tdata-wp-style--top=\"state.imageButtonTop\"\n\t\t>\n\t\t\t<svg xmlns=\"http:\/\/www.w3.org\/2000\/svg\" width=\"12\" height=\"12\" fill=\"none\" viewBox=\"0 0 12 12\">\n\t\t\t\t<path fill=\"#fff\" d=\"M2 0a2 2 0 0 0-2 2v2h1.5V2a.5.5 0 0 1 .5-.5h2V0H2Zm2 10.5H2a.5.5 0 0 1-.5-.5V8H0v2a2 2 0 0 0 2 2h2v-1.5ZM8 12v-1.5h2a.5.5 0 0 0 .5-.5V8H12v2a2 2 0 0 1-2 2H8Zm2-12a2 2 0 0 1 2 2v2h-1.5V2a.5.5 0 0 0-.5-.5H8V0h2Z\" \/>\n\t\t\t<\/svg>\n\t\t<\/button><figcaption class=\"wp-element-caption\">Larissa Mathier<\/figcaption><\/figure>\n\n\n\n<figure data-wp-context=\"{&quot;imageId&quot;:&quot;69f4a18d59677&quot;}\" data-wp-interactive=\"core\/image\" data-wp-key=\"69f4a18d59677\" class=\"wp-block-image size-large wp-lightbox-container\"><img decoding=\"async\" width=\"1024\" height=\"576\" data-wp-class--hide=\"state.isContentHidden\" data-wp-class--show=\"state.isContentVisible\" data-wp-init=\"callbacks.setButtonStyles\" data-wp-on--click=\"actions.showLightbox\" data-wp-on--load=\"callbacks.setButtonStyles\" data-wp-on-window--resize=\"callbacks.setButtonStyles\" data-id=\"18307\" src=\"https:\/\/www.mathier.com\/wp-content\/uploads\/2024\/10\/toechter_wein_sarah_mathier-1024x576.jpg\" alt=\"Vins de filles VALSAR : Sarah Mathier\" class=\"wp-image-18307\" srcset=\"https:\/\/www.mathier.com\/wp-content\/uploads\/2024\/10\/toechter_wein_sarah_mathier-1024x576.jpg 1024w, https:\/\/www.mathier.com\/wp-content\/uploads\/2024\/10\/toechter_wein_sarah_mathier-300x169.jpg 300w, https:\/\/www.mathier.com\/wp-content\/uploads\/2024\/10\/toechter_wein_sarah_mathier-768x432.jpg 768w, https:\/\/www.mathier.com\/wp-content\/uploads\/2024\/10\/toechter_wein_sarah_mathier-1536x864.jpg 1536w, https:\/\/www.mathier.com\/wp-content\/uploads\/2024\/10\/toechter_wein_sarah_mathier.jpg 1920w\" sizes=\"(max-width: 1024px) 100vw, 1024px\" \/><button\n\t\t\tclass=\"lightbox-trigger\"\n\t\t\ttype=\"button\"\n\t\t\taria-haspopup=\"dialog\"\n\t\t\taria-label=\"Agrandir\"\n\t\t\tdata-wp-init=\"callbacks.initTriggerButton\"\n\t\t\tdata-wp-on--click=\"actions.showLightbox\"\n\t\t\tdata-wp-style--right=\"state.imageButtonRight\"\n\t\t\tdata-wp-style--top=\"state.imageButtonTop\"\n\t\t>\n\t\t\t<svg xmlns=\"http:\/\/www.w3.org\/2000\/svg\" width=\"12\" height=\"12\" fill=\"none\" viewBox=\"0 0 12 12\">\n\t\t\t\t<path fill=\"#fff\" d=\"M2 0a2 2 0 0 0-2 2v2h1.5V2a.5.5 0 0 1 .5-.5h2V0H2Zm2 10.5H2a.5.5 0 0 1-.5-.5V8H0v2a2 2 0 0 0 2 2h2v-1.5ZM8 12v-1.5h2a.5.5 0 0 0 .5-.5V8H12v2a2 2 0 0 1-2 2H8Zm2-12a2 2 0 0 1 2 2v2h-1.5V2a.5.5 0 0 0-.5-.5H8V0h2Z\" \/>\n\t\t\t<\/svg>\n\t\t<\/button><figcaption class=\"wp-element-caption\">Sarah Mathier<\/figcaption><\/figure>\n\n\n\n<figure data-wp-context=\"{&quot;imageId&quot;:&quot;69f4a18d5994f&quot;}\" data-wp-interactive=\"core\/image\" data-wp-key=\"69f4a18d5994f\" class=\"wp-block-image size-large wp-lightbox-container\"><img loading=\"lazy\" decoding=\"async\" width=\"1024\" height=\"576\" data-wp-class--hide=\"state.isContentHidden\" data-wp-class--show=\"state.isContentVisible\" data-wp-init=\"callbacks.setButtonStyles\" data-wp-on--click=\"actions.showLightbox\" data-wp-on--load=\"callbacks.setButtonStyles\" data-wp-on-window--resize=\"callbacks.setButtonStyles\" data-id=\"18301\" src=\"https:\/\/www.mathier.com\/wp-content\/uploads\/2024\/10\/toechter_wein_anna_mathier-1024x576.jpg\" alt=\"Vins de filles VALSAR : Anna Mathier\" class=\"wp-image-18301\" srcset=\"https:\/\/www.mathier.com\/wp-content\/uploads\/2024\/10\/toechter_wein_anna_mathier-1024x576.jpg 1024w, https:\/\/www.mathier.com\/wp-content\/uploads\/2024\/10\/toechter_wein_anna_mathier-300x169.jpg 300w, https:\/\/www.mathier.com\/wp-content\/uploads\/2024\/10\/toechter_wein_anna_mathier-768x432.jpg 768w, https:\/\/www.mathier.com\/wp-content\/uploads\/2024\/10\/toechter_wein_anna_mathier-1536x864.jpg 1536w, https:\/\/www.mathier.com\/wp-content\/uploads\/2024\/10\/toechter_wein_anna_mathier.jpg 1920w\" sizes=\"(max-width: 1024px) 100vw, 1024px\" \/><button\n\t\t\tclass=\"lightbox-trigger\"\n\t\t\ttype=\"button\"\n\t\t\taria-haspopup=\"dialog\"\n\t\t\taria-label=\"Agrandir\"\n\t\t\tdata-wp-init=\"callbacks.initTriggerButton\"\n\t\t\tdata-wp-on--click=\"actions.showLightbox\"\n\t\t\tdata-wp-style--right=\"state.imageButtonRight\"\n\t\t\tdata-wp-style--top=\"state.imageButtonTop\"\n\t\t>\n\t\t\t<svg xmlns=\"http:\/\/www.w3.org\/2000\/svg\" width=\"12\" height=\"12\" fill=\"none\" viewBox=\"0 0 12 12\">\n\t\t\t\t<path fill=\"#fff\" d=\"M2 0a2 2 0 0 0-2 2v2h1.5V2a.5.5 0 0 1 .5-.5h2V0H2Zm2 10.5H2a.5.5 0 0 1-.5-.5V8H0v2a2 2 0 0 0 2 2h2v-1.5ZM8 12v-1.5h2a.5.5 0 0 0 .5-.5V8H12v2a2 2 0 0 1-2 2H8Zm2-12a2 2 0 0 1 2 2v2h-1.5V2a.5.5 0 0 0-.5-.5H8V0h2Z\" \/>\n\t\t\t<\/svg>\n\t\t<\/button><figcaption class=\"wp-element-caption\">Anna Mathier<\/figcaption><\/figure>\n\n\n\n<figure data-wp-context=\"{&quot;imageId&quot;:&quot;69f4a18d59c23&quot;}\" data-wp-interactive=\"core\/image\" data-wp-key=\"69f4a18d59c23\" class=\"wp-block-image size-large wp-lightbox-container\"><img loading=\"lazy\" decoding=\"async\" width=\"1024\" height=\"576\" data-wp-class--hide=\"state.isContentHidden\" data-wp-class--show=\"state.isContentVisible\" data-wp-init=\"callbacks.setButtonStyles\" data-wp-on--click=\"actions.showLightbox\" data-wp-on--load=\"callbacks.setButtonStyles\" data-wp-on-window--resize=\"callbacks.setButtonStyles\" data-id=\"18304\" src=\"https:\/\/www.mathier.com\/wp-content\/uploads\/2024\/10\/toechter_wein_rahel_mathier-1024x576.jpg\" alt=\"Vins de filles VALSAR : Rahel Mathier\" class=\"wp-image-18304\" srcset=\"https:\/\/www.mathier.com\/wp-content\/uploads\/2024\/10\/toechter_wein_rahel_mathier-1024x576.jpg 1024w, https:\/\/www.mathier.com\/wp-content\/uploads\/2024\/10\/toechter_wein_rahel_mathier-300x169.jpg 300w, https:\/\/www.mathier.com\/wp-content\/uploads\/2024\/10\/toechter_wein_rahel_mathier-768x432.jpg 768w, https:\/\/www.mathier.com\/wp-content\/uploads\/2024\/10\/toechter_wein_rahel_mathier-1536x864.jpg 1536w, https:\/\/www.mathier.com\/wp-content\/uploads\/2024\/10\/toechter_wein_rahel_mathier.jpg 1920w\" sizes=\"(max-width: 1024px) 100vw, 1024px\" \/><button\n\t\t\tclass=\"lightbox-trigger\"\n\t\t\ttype=\"button\"\n\t\t\taria-haspopup=\"dialog\"\n\t\t\taria-label=\"Agrandir\"\n\t\t\tdata-wp-init=\"callbacks.initTriggerButton\"\n\t\t\tdata-wp-on--click=\"actions.showLightbox\"\n\t\t\tdata-wp-style--right=\"state.imageButtonRight\"\n\t\t\tdata-wp-style--top=\"state.imageButtonTop\"\n\t\t>\n\t\t\t<svg xmlns=\"http:\/\/www.w3.org\/2000\/svg\" width=\"12\" height=\"12\" fill=\"none\" viewBox=\"0 0 12 12\">\n\t\t\t\t<path fill=\"#fff\" d=\"M2 0a2 2 0 0 0-2 2v2h1.5V2a.5.5 0 0 1 .5-.5h2V0H2Zm2 10.5H2a.5.5 0 0 1-.5-.5V8H0v2a2 2 0 0 0 2 2h2v-1.5ZM8 12v-1.5h2a.5.5 0 0 0 .5-.5V8H12v2a2 2 0 0 1-2 2H8Zm2-12a2 2 0 0 1 2 2v2h-1.5V2a.5.5 0 0 0-.5-.5H8V0h2Z\" \/>\n\t\t\t<\/svg>\n\t\t<\/button><figcaption class=\"wp-element-caption\">Rahel Mathier<\/figcaption><\/figure>\n<\/figure>\n\n<p><strong>Vanja Mathier<\/strong>, l&rsquo;a\u00een\u00e9e des cinq s\u0153urs, est charg\u00e9e de l&rsquo;organisation sur le site de Hochdorf, dans la cave Mathier de Salquenen, d&rsquo;o\u00f9 elle est \u00e9galement responsable de la planification et de l&rsquo;organisation des nombreux salons grand public.<\/p>\n\n<p>Au printemps 2024, <strong>Larissa Mathier<\/strong> a fait son entr\u00e9e dans l&rsquo;entreprise familiale et fait souffler un vent de fra\u00eecheur sur la comptabilit\u00e9.<strong> <\/strong>Mais pendant la haute saison des salons grand public, on peut aussi la croiser sur l&rsquo;un ou l&rsquo;autre salon, o\u00f9 elle s&rsquo;occupe du bien-\u00eatre des visiteurs du stand.<\/p>\n\n<p><strong>Sarah Mathier<\/strong>, viticultrice et technicienne du vin de formation, se d\u00e9place principalement dans les vignobles. Pendant la production du vin, son lieu d&rsquo;intervention se d\u00e9place ensuite dans les caves et elle soutient \u00e9galement activement les \u00e9quipes du salon de mani\u00e8re ponctuelle avec ses interventions. <\/p>\n\n<p><strong>Rahel Mathier<\/strong> est celle qui fait partie de l&rsquo;\u00e9quipe depuis le plus longtemps. Elle travaille dans l&rsquo;administration depuis six ans. Elle est \u00e9galement responsable des demandes de r\u00e9servation pour le <a href=\"https:\/\/www.mathier.com\/fr\/bnb-veritas\/\">BnB Vino Veritas<\/a>, s&rsquo;occupe des demandes de groupe pour les d\u00e9gustations de vin dans la cave et travaille de temps en temps dans la vente.  <\/p>\n\n<p>Et la derni\u00e8re du groupe, <strong>Anna Mathier<\/strong>, effectuera un stage en tant qu&rsquo;\u0153nologue \u00e0 l&rsquo;automne 2024, avant d&rsquo;entamer des \u00e9tudes d&rsquo;\u0153nologie \u00e0 partir de 2025.<\/p>\n\n<p>5x un concentr\u00e9 de puissance f\u00e9minine charmante et de comp\u00e9tences diversifi\u00e9es pour un avenir prosp\u00e8re du domaine Adrian &amp; Diego Mathier Nouveau Salquenen SA.<\/p>\n\n<p><\/p>\n","protected":false},"excerpt":{"rendered":"<p>Diego Mathier a tr\u00e8s t\u00f4t soulign\u00e9 que l&rsquo;avenir du domaine Adrian &amp; Diego Mathier Nouveau Salquenen \u00e9tait f\u00e9minin.<\/p>\n","protected":false},"author":3,"featured_media":9539,"comment_status":"closed","ping_status":"closed","sticky":false,"template":"","format":"standard","meta":{"footnotes":""},"categories":[161],"tags":[178],"class_list":["post-4319","post","type-post","status-publish","format-standard","has-post-thumbnail","hentry","category-magazine-du-vin","tag-famille"],"_links":{"self":[{"href":"https:\/\/www.mathier.com\/fr\/wp-json\/wp\/v2\/posts\/4319","targetHints":{"allow":["GET"]}}],"collection":[{"href":"https:\/\/www.mathier.com\/fr\/wp-json\/wp\/v2\/posts"}],"about":[{"href":"https:\/\/www.mathier.com\/fr\/wp-json\/wp\/v2\/types\/post"}],"author":[{"embeddable":true,"href":"https:\/\/www.mathier.com\/fr\/wp-json\/wp\/v2\/users\/3"}],"replies":[{"embeddable":true,"href":"https:\/\/www.mathier.com\/fr\/wp-json\/wp\/v2\/comments?post=4319"}],"version-history":[{"count":9,"href":"https:\/\/www.mathier.com\/fr\/wp-json\/wp\/v2\/posts\/4319\/revisions"}],"predecessor-version":[{"id":19527,"href":"https:\/\/www.mathier.com\/fr\/wp-json\/wp\/v2\/posts\/4319\/revisions\/19527"}],"wp:featuredmedia":[{"embeddable":true,"href":"https:\/\/www.mathier.com\/fr\/wp-json\/wp\/v2\/media\/9539"}],"wp:attachment":[{"href":"https:\/\/www.mathier.com\/fr\/wp-json\/wp\/v2\/media?parent=4319"}],"wp:term":[{"taxonomy":"category","embeddable":true,"href":"https:\/\/www.mathier.com\/fr\/wp-json\/wp\/v2\/categories?post=4319"},{"taxonomy":"post_tag","embeddable":true,"href":"https:\/\/www.mathier.com\/fr\/wp-json\/wp\/v2\/tags?post=4319"}],"curies":[{"name":"wp","href":"https:\/\/api.w.org\/{rel}","templated":true}]}}