{"id":4367,"date":"2025-01-06T07:55:18","date_gmt":"2025-01-06T06:55:18","guid":{"rendered":"https:\/\/www.mathier.com\/?p=4367"},"modified":"2026-02-23T09:02:04","modified_gmt":"2026-02-23T08:02:04","slug":"weinernte-wallis-2022","status":"publish","type":"post","link":"https:\/\/www.mathier.com\/fr\/blog\/weinernte-wallis-2022\/","title":{"rendered":"Vendanges Valais 2022"},"content":{"rendered":"\n<h2 class=\"wp-block-heading\" style=\"font-size:1.75rem\">Vendange sensationnelle en 2022 en Valais<\/h2>\n\n<figure class=\"wp-block-embed is-type-video is-provider-youtube wp-block-embed-youtube wp-embed-aspect-16-9 wp-has-aspect-ratio\"><div class=\"wp-block-embed__wrapper\">\n<iframe title=\"MATHIER TV | Weinernte 2022\" width=\"800\" height=\"450\" src=\"https:\/\/www.youtube.com\/embed\/PlY9TWR2pcs?feature=oembed\" frameborder=\"0\" allow=\"accelerometer; autoplay; clipboard-write; encrypted-media; gyroscope; picture-in-picture; web-share\" referrerpolicy=\"strict-origin-when-cross-origin\" allowfullscreen><\/iframe>\n<\/div><\/figure>\n\n<p>Bienvenue aux vendanges 2022 \u00e0 Salquenen, au c\u0153ur du Valais. Une ann\u00e9e de r\u00eave dans les vignobles valaisans s&rsquo;ach\u00e8vera dans les prochaines semaines. Il est temps de faire un premier bilan interm\u00e9diaire.  <\/p>\n\n<p>Le d\u00e9bourrement des vignes au printemps a \u00e9t\u00e9 tr\u00e8s pr\u00e9coce cette ann\u00e9e et la croissance des ceps a \u00e9t\u00e9 rapide. Comme les mois d&rsquo;hiver pr\u00e9c\u00e9dents avaient \u00e9t\u00e9 peu enneig\u00e9s, il \u00e9tait clair d\u00e8s le d\u00e9but de l&rsquo;ann\u00e9e que les vignes auraient besoin de beaucoup d&rsquo;eau. Avec le recul, la d\u00e9cision d&rsquo;arroser suffisamment les diff\u00e9rentes parcelles du vignoble d\u00e8s les mois d&rsquo;avril \u00e0 juin a \u00e9t\u00e9 importante. La s\u00e9cheresse et la chaleur qui en ont r\u00e9sult\u00e9 nous ont accompagn\u00e9s tout au long de l&rsquo;\u00e9t\u00e9. D\u00e8s les premiers jours des vendanges, il est apparu que l&rsquo;irrigation pr\u00e9coce avait cr\u00e9\u00e9 des conditions parfaites dans le vignoble.    <\/p>\n\n<p>Les raisins d\u00e9j\u00e0 r\u00e9colt\u00e9s sont sains et d&rsquo;une qualit\u00e9 \u00e9tonnante. Un fantastique mill\u00e9sime 2022 se profile \u00e0 l&rsquo;horizon. <\/p>\n\n<p>Nous nous r\u00e9jouissons de votre <a href=\"https:\/\/www.mathier.com\/fr\/degustation-de-vin-valais\/\">visite \u00e0 Salquenen<\/a> ou aux foires d&rsquo;automne, \u00e0 Hochdorf ou Interlaken.<\/p>\n\n<h3 class=\"wp-block-heading\" style=\"padding-top:1rem;font-size:1.5rem\">Ce que disent nos fournisseurs de raisins<\/h3>\n\n<ul class=\"wp-block-list\">\n<li>Tamara Cina : \u00ab\u00a0Les <a href=\"https:\/\/www.mathier.com\/fr\/blog\/pinot-noir\/\">raisins de pinot noir<\/a> donnent beaucoup de plaisir. Nous pouvons r\u00e9colter des baies pleines et des raisins magnifiques qui sont exempts de maladies. Cela ne pourrait pas \u00eatre beaucoup mieux\u00a0\u00bb.  <\/li>\n\n\n\n<li>Rolf Constantin : \u00ab\u00a0Mis \u00e0 part le manque de pluie, nous avons eu une ann\u00e9e de r\u00eave dans les vignobles. Les raisins sont en pleine sant\u00e9\u00a0\u00bb.<\/li>\n<\/ul>\n","protected":false},"excerpt":{"rendered":"<p>Les vendanges Valais 2022 touchent \u00e0 leur fin &#8211; premier bilan d&rsquo;une ann\u00e9e r\u00e9ussie dans les vignes.<\/p>\n","protected":false},"author":3,"featured_media":9610,"comment_status":"closed","ping_status":"closed","sticky":false,"template":"","format":"standard","meta":{"footnotes":""},"categories":[161],"tags":[174],"class_list":["post-4367","post","type-post","status-publish","format-standard","has-post-thumbnail","hentry","category-magazine-du-vin","tag-vignes"],"_links":{"self":[{"href":"https:\/\/www.mathier.com\/fr\/wp-json\/wp\/v2\/posts\/4367","targetHints":{"allow":["GET"]}}],"collection":[{"href":"https:\/\/www.mathier.com\/fr\/wp-json\/wp\/v2\/posts"}],"about":[{"href":"https:\/\/www.mathier.com\/fr\/wp-json\/wp\/v2\/types\/post"}],"author":[{"embeddable":true,"href":"https:\/\/www.mathier.com\/fr\/wp-json\/wp\/v2\/users\/3"}],"replies":[{"embeddable":true,"href":"https:\/\/www.mathier.com\/fr\/wp-json\/wp\/v2\/comments?post=4367"}],"version-history":[{"count":6,"href":"https:\/\/www.mathier.com\/fr\/wp-json\/wp\/v2\/posts\/4367\/revisions"}],"predecessor-version":[{"id":19203,"href":"https:\/\/www.mathier.com\/fr\/wp-json\/wp\/v2\/posts\/4367\/revisions\/19203"}],"wp:featuredmedia":[{"embeddable":true,"href":"https:\/\/www.mathier.com\/fr\/wp-json\/wp\/v2\/media\/9610"}],"wp:attachment":[{"href":"https:\/\/www.mathier.com\/fr\/wp-json\/wp\/v2\/media?parent=4367"}],"wp:term":[{"taxonomy":"category","embeddable":true,"href":"https:\/\/www.mathier.com\/fr\/wp-json\/wp\/v2\/categories?post=4367"},{"taxonomy":"post_tag","embeddable":true,"href":"https:\/\/www.mathier.com\/fr\/wp-json\/wp\/v2\/tags?post=4367"}],"curies":[{"name":"wp","href":"https:\/\/api.w.org\/{rel}","templated":true}]}}