{"id":4370,"date":"2025-01-06T07:55:20","date_gmt":"2025-01-06T06:55:20","guid":{"rendered":"https:\/\/www.mathier.com\/?p=4370"},"modified":"2026-02-23T09:01:46","modified_gmt":"2026-02-23T08:01:46","slug":"weinernte-2023","status":"publish","type":"post","link":"https:\/\/www.mathier.com\/fr\/blog\/weinernte-2023\/","title":{"rendered":"R\u00e9colte de vin 2023"},"content":{"rendered":"\n<h2 class=\"wp-block-heading\" style=\"font-size:1.5rem\">D\u00e9but prometteur des vendanges 2023<\/h2>\n\n<figure class=\"wp-block-embed is-type-video is-provider-youtube wp-block-embed-youtube wp-embed-aspect-16-9 wp-has-aspect-ratio\"><div class=\"wp-block-embed__wrapper\">\n<iframe title=\"MATHIER TV | Vielversprechender Beginn der Weinernte 2023\" width=\"800\" height=\"450\" src=\"https:\/\/www.youtube.com\/embed\/o4Ch8rqDm0A?feature=oembed\" frameborder=\"0\" allow=\"accelerometer; autoplay; clipboard-write; encrypted-media; gyroscope; picture-in-picture; web-share\" referrerpolicy=\"strict-origin-when-cross-origin\" allowfullscreen><\/iframe>\n<\/div><\/figure>\n\n<h3 class=\"wp-block-heading\" style=\"padding-top:1rem;font-size:1.5rem\">Vendange sensationnelle de Muscat 2023<\/h3>\n\n<p>Les vendanges 2023 dans le <a href=\"https:\/\/www.mathier.com\/fr\/salquenen\/\">village viticole de Salquenen<\/a> ont commenc\u00e9 il y a quelques jours. Alors que la plupart des c\u00e9pages, notamment les sp\u00e9cialit\u00e9s, sont encore en train de m\u00fbrir pendant quelques jours dans les vignobles valaisans entre Tourtemagne et Chamoson pour atteindre la perfection, le Muscat est d\u00e9j\u00e0 r\u00e9colt\u00e9 chez Mathier. Celui-ci sera ensuite affin\u00e9 dans la cave pour devenir le Muscat La Fianc\u00e9e.  <\/p>\n\n<p>Et cette premi\u00e8re r\u00e9colte de muscat 2023 est r\u00e9jouissante \u00e0 tous points de vue. Des raisins sains et pleins qui, d\u00e8s le d\u00e9chargement, pr\u00e9sentent des ar\u00f4mes typiques de muscat avec une richesse de go\u00fbt exceptionnelle. Rarement le muscat n&rsquo;avait montr\u00e9 une telle qualit\u00e9 \u00e0 l&rsquo;encavage. Un d\u00e9but prometteur pour les vendanges 2023, qui devraient durer jusqu&rsquo;\u00e0 fin octobre 2023.   <\/p>\n\n<p>Les personnes int\u00e9ress\u00e9es, les amis et les ambassadeurs de la famille Mathier sont cordialement invit\u00e9s \u00e0 nous rendre visite lors des vendanges 2023 \u00e0 Salquenen. Une d\u00e9gustation du sensationnel mill\u00e9sime 2022 vous attend au Weinst\u00fcbli de Salquenen ou venez nous rendre visite pour une d\u00e9gustation de vin \u00e0 la cave Mathier de Salquenen \u00e0 Hochdorf\/LU, chez le <a href=\"https:\/\/www.ritschard-shop.ch\/fr\/\" rel=\"noopener\">marchand de vin Ritschard \u00e0 Interlaken<\/a> ou lors des <a href=\"https:\/\/www.mathier.com\/fr\/events\/\">nombreuses foires d&rsquo;automne<\/a> 2023 dans votre r\u00e9gion.  <\/p>\n\n<p>Nous nous r\u00e9jouissons de vous revoir \u00e0 l&rsquo;automne 2023.<\/p>\n\n<p>Diego et Nadia Mathier<\/p>\n\n<p><\/p>\n","protected":false},"excerpt":{"rendered":"<p>Les vendanges 2023 ont commenc\u00e9 \u00e0 Salquenen. Le muscat est r\u00e9colt\u00e9 chez Mathier et sera plus tard affin\u00e9 en muscat La Fianc\u00e9e. <\/p>\n","protected":false},"author":3,"featured_media":9607,"comment_status":"closed","ping_status":"closed","sticky":false,"template":"","format":"standard","meta":{"footnotes":""},"categories":[161],"tags":[174],"class_list":["post-4370","post","type-post","status-publish","format-standard","has-post-thumbnail","hentry","category-magazine-du-vin","tag-vignes"],"_links":{"self":[{"href":"https:\/\/www.mathier.com\/fr\/wp-json\/wp\/v2\/posts\/4370","targetHints":{"allow":["GET"]}}],"collection":[{"href":"https:\/\/www.mathier.com\/fr\/wp-json\/wp\/v2\/posts"}],"about":[{"href":"https:\/\/www.mathier.com\/fr\/wp-json\/wp\/v2\/types\/post"}],"author":[{"embeddable":true,"href":"https:\/\/www.mathier.com\/fr\/wp-json\/wp\/v2\/users\/3"}],"replies":[{"embeddable":true,"href":"https:\/\/www.mathier.com\/fr\/wp-json\/wp\/v2\/comments?post=4370"}],"version-history":[{"count":7,"href":"https:\/\/www.mathier.com\/fr\/wp-json\/wp\/v2\/posts\/4370\/revisions"}],"predecessor-version":[{"id":19170,"href":"https:\/\/www.mathier.com\/fr\/wp-json\/wp\/v2\/posts\/4370\/revisions\/19170"}],"wp:featuredmedia":[{"embeddable":true,"href":"https:\/\/www.mathier.com\/fr\/wp-json\/wp\/v2\/media\/9607"}],"wp:attachment":[{"href":"https:\/\/www.mathier.com\/fr\/wp-json\/wp\/v2\/media?parent=4370"}],"wp:term":[{"taxonomy":"category","embeddable":true,"href":"https:\/\/www.mathier.com\/fr\/wp-json\/wp\/v2\/categories?post=4370"},{"taxonomy":"post_tag","embeddable":true,"href":"https:\/\/www.mathier.com\/fr\/wp-json\/wp\/v2\/tags?post=4370"}],"curies":[{"name":"wp","href":"https:\/\/api.w.org\/{rel}","templated":true}]}}