{"id":4376,"date":"2025-01-06T07:57:30","date_gmt":"2025-01-06T06:57:30","guid":{"rendered":"https:\/\/www.mathier.com\/?p=4376"},"modified":"2026-02-20T14:25:58","modified_gmt":"2026-02-20T13:25:58","slug":"rebjahr","status":"publish","type":"post","link":"https:\/\/www.mathier.com\/fr\/blog\/rebjahr\/","title":{"rendered":"Ann\u00e9e viticole"},"content":{"rendered":"\n<h2 class=\"wp-block-heading\" style=\"font-size:1.75rem\">L&rsquo;ann\u00e9e viticole<\/h2>\n\n<p>Bien entendu, le d\u00e9roulement d&rsquo;une ann\u00e9e viticole peut varier. Cela est d\u00fb aux conditions m\u00e9t\u00e9orologiques, qui ont une influence plus ou moins importante sur le d\u00e9roulement des travaux dans le vignoble. Cela demande de l&rsquo;exp\u00e9rience, de la flexibilit\u00e9, des talents d&rsquo;improvisation, de la patience et une bonne dose de calme de la part du viticulteur, qui doit s&rsquo;adapter en permanence aux conditions changeantes dans son travail. Tout comme la nature influence le d\u00e9roulement d&rsquo;une ann\u00e9e viticole, elle d\u00e9termine \u00e9galement la trame de base des travaux et des stades de d\u00e9veloppement des vignes au cours de l&rsquo;ann\u00e9e.   <\/p>\n\n<figure class=\"wp-block-image size-large\" style=\"margin-top:20px;margin-bottom:20px\"><img fetchpriority=\"high\" decoding=\"async\" width=\"1024\" height=\"576\" src=\"https:\/\/www.mathier.com\/wp-content\/uploads\/2024\/08\/rebjahr_weindorf_salgesch-1024x576.jpg\" alt=\"Ann&#xE9;e viticole dans le village viticole de Salquenen, maisons et vignes le long d&#039;un versant\" class=\"wp-image-1591\" srcset=\"https:\/\/www.mathier.com\/wp-content\/uploads\/2024\/08\/rebjahr_weindorf_salgesch-1024x576.jpg 1024w, https:\/\/www.mathier.com\/wp-content\/uploads\/2024\/08\/rebjahr_weindorf_salgesch-300x169.jpg 300w, https:\/\/www.mathier.com\/wp-content\/uploads\/2024\/08\/rebjahr_weindorf_salgesch-768x432.jpg 768w, https:\/\/www.mathier.com\/wp-content\/uploads\/2024\/08\/rebjahr_weindorf_salgesch-1536x864.jpg 1536w, https:\/\/www.mathier.com\/wp-content\/uploads\/2024\/08\/rebjahr_weindorf_salgesch.jpg 1920w\" sizes=\"(max-width: 1024px) 100vw, 1024px\" \/><\/figure>\n\n<h3 class=\"wp-block-heading\" style=\"padding-top:1rem;font-size:1.5rem\">Janvier<\/h3>\n\n<p>En janvier, les vignobles de l&rsquo;h\u00e9misph\u00e8re nord entrent en dormance. Les journ\u00e9es froides peuvent \u00eatre fatales aux vignes \u00e2g\u00e9es et faibles. Des temp\u00e9ratures allant jusqu&rsquo;\u00e0 -20\u00b0 Celsius ne repr\u00e9sentent g\u00e9n\u00e9ralement pas un danger pour une vigne saine, \u00e0 condition que de telles temp\u00e9ratures froides ne durent pas trop longtemps. Pendant cette p\u00e9riode, le viticulteur se concentre sur l&rsquo;\u00e9levage du nouveau mill\u00e9sime dans sa cave.   <\/p>\n\n<figure class=\"wp-block-image size-large\" style=\"margin-top:20px;margin-bottom:20px\"><img decoding=\"async\" width=\"1024\" height=\"576\" src=\"https:\/\/www.mathier.com\/wp-content\/uploads\/2024\/08\/rebjahr_winter_januar-1024x576.jpg\" alt=\"Ann&#xE9;e viticole en janvier, vignobles enneig&#xE9;s avec des vignes d&#xE9;nud&#xE9;es\" class=\"wp-image-1597\" srcset=\"https:\/\/www.mathier.com\/wp-content\/uploads\/2024\/08\/rebjahr_winter_januar-1024x576.jpg 1024w, https:\/\/www.mathier.com\/wp-content\/uploads\/2024\/08\/rebjahr_winter_januar-300x169.jpg 300w, https:\/\/www.mathier.com\/wp-content\/uploads\/2024\/08\/rebjahr_winter_januar-768x432.jpg 768w, https:\/\/www.mathier.com\/wp-content\/uploads\/2024\/08\/rebjahr_winter_januar-1536x864.jpg 1536w, https:\/\/www.mathier.com\/wp-content\/uploads\/2024\/08\/rebjahr_winter_januar.jpg 1920w\" sizes=\"(max-width: 1024px) 100vw, 1024px\" \/><\/figure>\n\n<h3 class=\"wp-block-heading\" style=\"padding-top:1rem;font-size:1.5rem\">F\u00e9vrier<\/h3>\n\n<p>Alors que la vigne est encore en dormance, on commence progressivement \u00e0 la tailler. Les vignes appartiennent \u00e0 la famille des plantes grimpantes. Si elle n&rsquo;est pas taill\u00e9e, la vigne devient envahissante. Le nombre de grappes augmente alors, ce qui entra\u00eene une baisse sensible de la qualit\u00e9. Les vignes doivent \u00eatre taill\u00e9es et cultiv\u00e9es de mani\u00e8re \u00e0 obtenir un \u00e9quilibre entre la masse foliaire et la production de raisins.    <\/p>\n\n<figure class=\"wp-block-image size-large\" style=\"margin-top:20px;margin-bottom:20px\"><img decoding=\"async\" width=\"1024\" height=\"576\" src=\"https:\/\/www.mathier.com\/wp-content\/uploads\/2024\/08\/rebjahr_winter_februar-1024x576.jpg\" alt=\"Ann&#xE9;e viticole en f&#xE9;vrier, vignobles avec des vignes nues et un sol l&#xE9;g&#xE8;rement enneig&#xE9;\" class=\"wp-image-1600\" srcset=\"https:\/\/www.mathier.com\/wp-content\/uploads\/2024\/08\/rebjahr_winter_februar-1024x576.jpg 1024w, https:\/\/www.mathier.com\/wp-content\/uploads\/2024\/08\/rebjahr_winter_februar-300x169.jpg 300w, https:\/\/www.mathier.com\/wp-content\/uploads\/2024\/08\/rebjahr_winter_februar-768x432.jpg 768w, https:\/\/www.mathier.com\/wp-content\/uploads\/2024\/08\/rebjahr_winter_februar-1536x864.jpg 1536w, https:\/\/www.mathier.com\/wp-content\/uploads\/2024\/08\/rebjahr_winter_februar.jpg 1920w\" sizes=\"(max-width: 1024px) 100vw, 1024px\" \/><\/figure>\n\n<p>Les syst\u00e8mes de taille les plus r\u00e9pandus sont la taille Guyot, la taille traditionnelle Goblet et la taille en arc \u00e9tir\u00e9. En Valais, la taille en cordon est privil\u00e9gi\u00e9e. Contrairement \u00e0 l&rsquo;arc \u00e9tir\u00e9, deux bras de cordon sont plac\u00e9s sur le fil et conserv\u00e9s pendant plusieurs ann\u00e9es.  <\/p>\n\n<ul class=\"wp-block-list\">\n<li>Lors du choix du syst\u00e8me \u00e9ducatif, la pr\u00e9f\u00e9rence est donn\u00e9e \u00e0 celui qui permet le mieux de r\u00e9aliser les objectifs de la production int\u00e9gr\u00e9e.<\/li>\n\n\n\n<li>Production de raisins sains<\/li>\n\n\n\n<li>Longue dur\u00e9e de vie des vignes<\/li>\n\n\n\n<li>Protection contre l&rsquo;\u00e9rosion des sols<\/li>\n\n\n\n<li>R\u00e9duction des facteurs favorisant le d\u00e9veloppement des maladies et des parasites<\/li>\n\n\n\n<li>Application efficace des produits phytosanitaires avec le moins de d\u00e9rive possible<\/li>\n\n\n\n<li>Une grande diversit\u00e9 biologique<\/li>\n<\/ul>\n\n<p>La taille, c&rsquo;est-\u00e0-dire l&rsquo;\u00e9levage de la vigne, repr\u00e9sente un travail tr\u00e8s important et doit \u00eatre achev\u00e9e avant que les premiers bourgeons n&rsquo;apparaissent. En g\u00e9n\u00e9ral, les grappes ne se forment que sur des pousses annuelles issues de bois de deux ans. Si plusieurs pousses se d\u00e9veloppent au cours de l&rsquo;ann\u00e9e de plantation, il faut laisser la plus vigoureuse et l&rsquo;attacher au tuteur. Toutes les pousses sont donc coup\u00e9es, sauf la plus forte. Cette op\u00e9ration est r\u00e9p\u00e9t\u00e9e au printemps des deux ann\u00e9es suivantes. La plante ainsi cultiv\u00e9e d\u00e9veloppe une forte tige principale, qui ressemble \u00e0 un petit tronc d&rsquo;arbre.     <\/p>\n\n<h4 class=\"wp-block-heading\" style=\"padding-top:1rem;font-size:1.13rem\">Objectifs de la taille, moment de la taille, c\u00f4nes de r\u00e9serve et tiges gel\u00e9es<\/h4>\n\n<p>En taillant les vignes, le viticulteur poursuit quatre objectifs principaux. D&rsquo;une part, l&rsquo;op\u00e9ration sert \u00e0 r\u00e9guler le rendement et donc, en fin de compte, \u00e0 am\u00e9liorer la qualit\u00e9 du futur vin. D&rsquo;autre part, elle permet de r\u00e9guler la vigueur de la vigne et d&rsquo;assurer la formation des ceps. Enfin, la taille de la vigne permet de pr\u00e9server le syst\u00e8me de culture.   <\/p>\n\n<p>Le moment de la taille est crucial. Il a lieu lorsque les feuilles de la vigne sont tomb\u00e9es, car \u00e0 ce moment-l\u00e0, la s\u00e8ve s&rsquo;est retir\u00e9e dans les racines. Il est important de ne pas tailler trop t\u00f4t, car les vignes non taill\u00e9es sont beaucoup mieux prot\u00e9g\u00e9es contre le gel.  <\/p>\n\n<figure class=\"wp-block-image size-large\" style=\"margin-top:20px;margin-bottom:20px\"><img loading=\"lazy\" decoding=\"async\" width=\"1024\" height=\"576\" src=\"https:\/\/www.mathier.com\/wp-content\/uploads\/2024\/08\/rebjahr_winter_februar_schneiden-1024x576.jpg\" alt=\"Ann&#xE9;e viticole en f&#xE9;vrier, un vigneron taille les vignes dans un vignoble enneig&#xE9;\" class=\"wp-image-1603\" srcset=\"https:\/\/www.mathier.com\/wp-content\/uploads\/2024\/08\/rebjahr_winter_februar_schneiden-1024x576.jpg 1024w, https:\/\/www.mathier.com\/wp-content\/uploads\/2024\/08\/rebjahr_winter_februar_schneiden-300x169.jpg 300w, https:\/\/www.mathier.com\/wp-content\/uploads\/2024\/08\/rebjahr_winter_februar_schneiden-768x432.jpg 768w, https:\/\/www.mathier.com\/wp-content\/uploads\/2024\/08\/rebjahr_winter_februar_schneiden-1536x864.jpg 1536w, https:\/\/www.mathier.com\/wp-content\/uploads\/2024\/08\/rebjahr_winter_februar_schneiden.jpg 1920w\" sizes=\"(max-width: 1024px) 100vw, 1024px\" \/><\/figure>\n\n<p>Une taille correcte permet de conserver la forme souhait\u00e9e de la vigne et d&rsquo;\u00e9viter que le tronc ne devienne trop haut. Pour cela, la taille doit \u00eatre adapt\u00e9e \u00e0 la force de croissance du cep. En r\u00e8gle g\u00e9n\u00e9rale, cela signifie qu&rsquo;il faut conserver six \u00e0 huit yeux par plante. Les c\u00f4nes de r\u00e9serve ne sont utilis\u00e9s que si une autre pousse ne peut pas pousser. Dans les r\u00e9gions froides o\u00f9 le risque de gel est \u00e9lev\u00e9, on ne coupe g\u00e9n\u00e9ralement pas une ou deux pousses, car elles supportent mieux les gel\u00e9es et servent de remplacement \u00e9ventuel en cas de gel des tiges porteuses.    <\/p>\n\n<h3 class=\"wp-block-heading\" style=\"padding-top:1rem;font-size:1.5rem\">Mars<\/h3>\n\n<p>En mars, la taille laborieuse est achev\u00e9e et on en vient \u00e0 attacher les sarments. Avec la hausse des temp\u00e9ratures, la s\u00e8ve revient dans la canne. L&rsquo;eau absorb\u00e9e parvient \u00e0 l&rsquo;extr\u00e9mit\u00e9 et s&rsquo;\u00e9goutte peu \u00e0 peu des yeux fra\u00eechement taill\u00e9s &#8211; dans le jargon, on parle alors de \u00ab\u00a0la vigne pleure\u00a0\u00bb.  <\/p>\n\n<p>C&rsquo;est \u00e9galement le moment de commencer \u00e0 fertiliser le vignoble, afin de fournir aux plantes un renfort suppl\u00e9mentaire en nutriments lors de leur croissance. La fertilisation des plantes repose sur la connaissance du fonctionnement des plantes, de leurs besoins, de leur consommation et des r\u00e9serves en nutriments min\u00e9raux et organiques du sol. Le sol est fondamentalement compos\u00e9 de 10 micro-\u00e9l\u00e9ments pr\u00e9cieux. Afin de cr\u00e9er des conditions optimales pour la vigne, des analyses pr\u00e9cises permettent d&rsquo;ajouter au sol les \u00e9l\u00e9ments nutritifs n\u00e9cessaires \u00e0 l&rsquo;obtention d&rsquo;un \u00e9quilibre entre ces micro-\u00e9l\u00e9ments.   <\/p>\n\n<figure class=\"wp-block-image size-large\" style=\"margin-top:20px;margin-bottom:20px\"><img loading=\"lazy\" decoding=\"async\" width=\"1024\" height=\"576\" src=\"https:\/\/www.mathier.com\/wp-content\/uploads\/2024\/08\/rebjahr_fruehling_maerz-1024x576.jpg\" alt=\"Ann&#xE9;e viticole en mars, les vignes commencent &#xE0; bourgeonner, la verdure fra&#xEE;che est visible\" class=\"wp-image-1606\" srcset=\"https:\/\/www.mathier.com\/wp-content\/uploads\/2024\/08\/rebjahr_fruehling_maerz-1024x576.jpg 1024w, https:\/\/www.mathier.com\/wp-content\/uploads\/2024\/08\/rebjahr_fruehling_maerz-300x169.jpg 300w, https:\/\/www.mathier.com\/wp-content\/uploads\/2024\/08\/rebjahr_fruehling_maerz-768x432.jpg 768w, https:\/\/www.mathier.com\/wp-content\/uploads\/2024\/08\/rebjahr_fruehling_maerz-1536x864.jpg 1536w, https:\/\/www.mathier.com\/wp-content\/uploads\/2024\/08\/rebjahr_fruehling_maerz.jpg 1920w\" sizes=\"(max-width: 1024px) 100vw, 1024px\" \/><\/figure>\n\n<p>Si la culture de la vigne est pratiqu\u00e9e selon le cahier des charges de la production int\u00e9gr\u00e9e (PI), elle doit en outre r\u00e9pondre \u00e0 des exigences sp\u00e9cifiques. Ainsi, la fertilisation &#8211; qui doit privil\u00e9gier les mati\u00e8res organiques &#8211; doit \u00eatre compatible avec la production de raisins de qualit\u00e9, le bon \u00e9tat sanitaire des vignes et le maintien de la fertilit\u00e9 du sol. Les vignes ne doivent pas recevoir de fertilisants sans discernement ni sans limite. Au contraire, la quantit\u00e9 \u00e0 administrer doit \u00eatre d\u00e9termin\u00e9e en fonction de l&rsquo;analyse du sol et de l&rsquo;\u00e9valuation de la plante. Cela implique \u00e9galement de prendre en compte les besoins effectifs de la vigne en \u00e9l\u00e9ments nutritifs, le type d&rsquo;enherbement mais aussi le risque de lessivage.    <\/p>\n\n<h3 class=\"wp-block-heading\" style=\"padding-top:1rem;font-size:1.5rem\">Avril<\/h3>\n\n<p>Avril, avril, fait ce qu&rsquo;il veut. M\u00eame s&rsquo;il ne s&rsquo;agit que d&rsquo;un proverbe courant, il cache une certaine part de v\u00e9rit\u00e9. C&rsquo;est ainsi que le temps capricieux et changeant d&rsquo;avril tient le viticulteur particuli\u00e8rement en haleine. Alors qu&rsquo;il peut favoriser le d\u00e9bourrement un jour, il exige d\u00e8s le lendemain des mesures de protection contre le gel dans le vignoble. Avec l&rsquo;arriv\u00e9e de la chaleur printani\u00e8re, le m\u00e9tabolisme de la vigne se met en marche. Par cons\u00e9quent, les bourgeons gonflent. Si vous souhaitez planter de nouvelles vignes, c&rsquo;est-\u00e0-dire de jeunes vignes, vous devez le faire \u00e0 cette p\u00e9riode.      <\/p>\n\n<h3 class=\"wp-block-heading\" style=\"padding-top:1rem;font-size:1.5rem\">Mai<\/h3>\n\n<p>Le mois de mai est un booster pour les pousses. Avec ses journ\u00e9es chaudes, il incite la vigne \u00e0 faire pousser les pousses de plus d&rsquo;un m\u00e8tre en un mois. Il convient d&rsquo;\u00e9viter cela et d&rsquo;\u00e9liminer les pousses de mani\u00e8re pr\u00e9coce et de supprimer soigneusement les pousses exc\u00e9dentaires par \u00e9crasement. Apr\u00e8s la taille de la vigne en d\u00e9but d&rsquo;ann\u00e9e, cette mesure vise \u00e9galement \u00e0 r\u00e9guler le rendement afin d&rsquo;obtenir plus tard des raisins sains de la meilleure qualit\u00e9. En outre, cette mesure garantit que les raisins ult\u00e9rieurs b\u00e9n\u00e9ficient de beaucoup plus d&rsquo;ensoleillement et d&rsquo;une bonne a\u00e9ration. Ces deux facteurs favorisent la formation de sucre. En outre, la taille permet de d\u00e9terminer la structure future de la vigne et, en fin de compte, de favoriser l&rsquo;\u00e9quilibre de l&rsquo;ensemble du cep. Le passage du printemps \u00e0 l&rsquo;\u00e9t\u00e9 marque \u00e9galement le d\u00e9but des risques d&rsquo;attaques de parasites et de maladies. C&rsquo;est le moment o\u00f9 il faut \u00e9ventuellement r\u00e9fl\u00e9chir \u00e0 l&rsquo;utilisation ad\u00e9quate de produits et de mesures phytosanitaires. A partir de ce moment, il convient d&rsquo;inspecter r\u00e9guli\u00e8rement les vignes pour d\u00e9tecter d&rsquo;\u00e9ventuelles attaques de ravageurs ou de maladies. Pour ce faire, des m\u00e9thodes d&rsquo;enqu\u00eate et des seuils de tol\u00e9rance sont utilis\u00e9s. Si l&rsquo;utilisation de produits phytosanitaires est indispensable, ceux-ci doivent \u00eatre choisis de mani\u00e8re \u00e0 ne pas mettre en danger l&rsquo;homme et l&rsquo;environnement tout en offrant une protection efficace contre les ravageurs, les maladies ou les mauvaises herbes. La priorit\u00e9 doit toujours \u00eatre donn\u00e9e aux m\u00e9thodes de lutte biologique ou biotechnologique. La technique d&rsquo;application utilis\u00e9e comprend le choix de l&rsquo;appareil appropri\u00e9 et la prise en compte des conditions m\u00e9t\u00e9orologiques. Elle garantit que les produits phytosanitaires sont appliqu\u00e9s de mani\u00e8re optimale et cibl\u00e9e, sans mettre en danger l&rsquo;utilisateur et l&rsquo;environnement.              <\/p>\n\n<figure class=\"wp-block-image size-large\" style=\"margin-top:20px;margin-bottom:20px\"><img loading=\"lazy\" decoding=\"async\" width=\"1024\" height=\"576\" src=\"https:\/\/www.mathier.com\/wp-content\/uploads\/2024\/08\/rebjahr_fruehling_mai-1024x576.jpg\" alt=\"Ann&#xE9;e viticole en mai, vignes avec de jeunes feuilles vertes sous un ciel clair\" class=\"wp-image-1609\" srcset=\"https:\/\/www.mathier.com\/wp-content\/uploads\/2024\/08\/rebjahr_fruehling_mai-1024x576.jpg 1024w, https:\/\/www.mathier.com\/wp-content\/uploads\/2024\/08\/rebjahr_fruehling_mai-300x169.jpg 300w, https:\/\/www.mathier.com\/wp-content\/uploads\/2024\/08\/rebjahr_fruehling_mai-768x432.jpg 768w, https:\/\/www.mathier.com\/wp-content\/uploads\/2024\/08\/rebjahr_fruehling_mai-1536x864.jpg 1536w, https:\/\/www.mathier.com\/wp-content\/uploads\/2024\/08\/rebjahr_fruehling_mai.jpg 1920w\" sizes=\"(max-width: 1024px) 100vw, 1024px\" \/><\/figure>\n\n<h3 class=\"wp-block-heading\" style=\"padding-top:1rem;font-size:1.5rem\">Juin<\/h3>\n\n<p>C&rsquo;est le mois o\u00f9 les vignes sont en floraison et o\u00f9 la croissance des pousses bat son plein. D\u00e8s que les jeunes pousses de vigne atteignent le premier fil de suture, elles sont boucl\u00e9es ou agraf\u00e9es. Selon le syst\u00e8me de culture, ils sont pinc\u00e9s entre le double fil de fer ou tress\u00e9s alternativement \u00e0 gauche et \u00e0 droite. Le tressage des pousses demande beaucoup de temps et de doigt\u00e9. L&rsquo;agrafage est r\u00e9p\u00e9t\u00e9 lorsque le fil suivant est atteint.    <\/p>\n\n<figure class=\"wp-block-image size-large\" style=\"margin-top:20px;margin-bottom:20px\"><img loading=\"lazy\" decoding=\"async\" width=\"1024\" height=\"576\" src=\"https:\/\/www.mathier.com\/wp-content\/uploads\/2024\/08\/rebjahr_sommer_juni-1024x576.jpg\" alt=\"Ann&#xE9;e viticole en juin, vignobles pleins de feuilles de vigne vertes et de soleil\" class=\"wp-image-1612\" srcset=\"https:\/\/www.mathier.com\/wp-content\/uploads\/2024\/08\/rebjahr_sommer_juni-1024x576.jpg 1024w, https:\/\/www.mathier.com\/wp-content\/uploads\/2024\/08\/rebjahr_sommer_juni-300x169.jpg 300w, https:\/\/www.mathier.com\/wp-content\/uploads\/2024\/08\/rebjahr_sommer_juni-768x432.jpg 768w, https:\/\/www.mathier.com\/wp-content\/uploads\/2024\/08\/rebjahr_sommer_juni-1536x864.jpg 1536w, https:\/\/www.mathier.com\/wp-content\/uploads\/2024\/08\/rebjahr_sommer_juni.jpg 1920w\" sizes=\"(max-width: 1024px) 100vw, 1024px\" \/><\/figure>\n\n<p>Le travail du sol doit \u00e9galement faire l&rsquo;objet d&rsquo;une attention particuli\u00e8re. L&rsquo;objectif est de cr\u00e9er des conditions optimales pour la vigne, de prot\u00e9ger le sol de l&rsquo;\u00e9rosion, d&rsquo;\u00e9viter le compactage du sol et le lessivage des \u00e9l\u00e9ments nutritifs et de favoriser la biodiversit\u00e9. Les mesures appropri\u00e9es pour pr\u00e9venir l&rsquo;\u00e9rosion du sol sont l&rsquo;enherbement et la couverture du sol avec du compost, du bois de taille ou de la paille. S&rsquo;il s&rsquo;agit d&rsquo;un vignoble avec de jeunes vignes, leur croissance est favoris\u00e9e par l&rsquo;ajout de fumier. Le bois de taille reste en outre dans le vignoble et renforce les sols gr\u00e2ce au compostage. Pour acc\u00e9l\u00e9rer la d\u00e9composition, les bois de taille sont davantage coup\u00e9s en petits morceaux. Comme les sols valaisans sont tr\u00e8s pauvres, un enherbement \u00e0 racines profondes priverait la vigne de ses nutriments et de ses r\u00e9serves en eau. C&rsquo;est pourquoi cette mesure n&rsquo;est pas appliqu\u00e9e en Valais.       <\/p>\n\n<h3 class=\"wp-block-heading\" style=\"padding-top:1rem;font-size:1.5rem\">Juillet<\/h3>\n\n<p>Pendant les chaudes journ\u00e9es d&rsquo;\u00e9t\u00e9, l&rsquo;ardeur du soleil limite la pr\u00e9sence d&rsquo;eau. M\u00eame si l&rsquo;un ou l&rsquo;autre orage apporte une certaine humidit\u00e9, ces ph\u00e9nom\u00e8nes comportent \u00e9galement un risque de gr\u00eale d\u00e9vastatrice. Il convient donc d&rsquo;adapter l&rsquo;arrosage aux besoins r\u00e9els, en utilisant de pr\u00e9f\u00e9rence l&rsquo;irrigation goutte \u00e0 goutte, qui permet d&rsquo;\u00e9viter le risque de lessivage des \u00e9l\u00e9ments nutritifs. En principe, l&rsquo;irrigation doit \u00eatre limit\u00e9e aux zones tr\u00e8s s\u00e8ches, aux vignobles \u00e0 faible \u00e9paisseur de sol ou aux jeunes vignobles, et aucun arrosage ne doit \u00eatre effectu\u00e9 pendant la p\u00e9riode de maturation des raisins. D\u00e8s que les pousses ont atteint le fil sup\u00e9rieur, on casse la croissance en longueur des pousses en enlevant l&rsquo;extr\u00e9mit\u00e9 des pousses. Pour ce faire, on raccourcit les pointes avec des ciseaux de mani\u00e8re \u00e0 ce qu&rsquo;elles ne puissent pas se d\u00e9tacher du fil sup\u00e9rieur en cas de vent. Plus le processus de croissance en longueur peut \u00eatre interrompu t\u00f4t, plus les pousses avides de valeur se d\u00e9veloppent.      <\/p>\n\n<h3 class=\"wp-block-heading\" style=\"padding-top:1rem;font-size:1.5rem\">Ao\u00fbt<\/h3>\n\n<p>La formation de pousses avides est stimul\u00e9e par le greffage. La dominance de l&rsquo;extr\u00e9mit\u00e9 de la pousse dispara\u00eet et les pr\u00e9cieux rameaux gourmands se d\u00e9veloppent \u00e0 partir des points de d\u00e9part des pousses. Celles-ci sont tr\u00e8s importantes pour la maturation des raisins, car leurs jeunes feuilles vigoureuses sont capables d&rsquo;exporter beaucoup de glucose dans les baies. Dans les zones de grappes, les rameaux gourmands emp\u00eachent l&rsquo;a\u00e9ration de la paroi foliaire, c&rsquo;est pourquoi ils sont \u00e9limin\u00e9s tr\u00e8s t\u00f4t.   <\/p>\n\n<figure class=\"wp-block-image size-large\" style=\"margin-top:20px;margin-bottom:20px\"><img loading=\"lazy\" decoding=\"async\" width=\"1024\" height=\"576\" src=\"https:\/\/www.mathier.com\/wp-content\/uploads\/2024\/08\/rebjahr_sommer_august-1024x576.jpg\" alt=\"Ann&#xE9;e viticole en ao&#xFB;t, les raisins commencent &#xE0; m&#xFB;rir dans les vignes vertes\" class=\"wp-image-1615\" srcset=\"https:\/\/www.mathier.com\/wp-content\/uploads\/2024\/08\/rebjahr_sommer_august-1024x576.jpg 1024w, https:\/\/www.mathier.com\/wp-content\/uploads\/2024\/08\/rebjahr_sommer_august-300x169.jpg 300w, https:\/\/www.mathier.com\/wp-content\/uploads\/2024\/08\/rebjahr_sommer_august-768x432.jpg 768w, https:\/\/www.mathier.com\/wp-content\/uploads\/2024\/08\/rebjahr_sommer_august-1536x864.jpg 1536w, https:\/\/www.mathier.com\/wp-content\/uploads\/2024\/08\/rebjahr_sommer_august.jpg 1920w\" sizes=\"(max-width: 1024px) 100vw, 1024px\" \/><\/figure>\n\n<p>Le feuillage a \u00e9galement une importance existentielle pour la plante. Sa fonction est de produire du glucose. La feuille verte a pour fonction de convertir l&rsquo;\u00e9nergie solaire, l&rsquo;eau et le dioxyde de carbone en \u00e9nergie chimique sous forme de glucose. Ce processus, \u00e9galement appel\u00e9 assimilation, produit non seulement du sucre mais aussi de l&rsquo;oxyg\u00e8ne. La formule de conversion est la suivante : dioxyde de carbone + eau + soleil = glucose + oxyg\u00e8ne. Il ressort de cette formule que si les r\u00e9serves d&rsquo;eau sont suffisantes, le sucre, et donc le degr\u00e9 Oechsle, augmente avec le nombre d&rsquo;heures d&rsquo;ensoleillement, ce qui se r\u00e9percute sur la qualit\u00e9 du vin.     <\/p>\n\n<h3 class=\"wp-block-heading\" style=\"padding-top:1rem;font-size:1.5rem\">Septembre<\/h3>\n\n<p>La derni\u00e8re phase sensible avant les vendanges commence. Les pousses commencent \u00e0 se lignifier et la maturit\u00e9 des fruits progresse maintenant tr\u00e8s rapidement. Les raisins commencent \u00e9galement \u00e0 se colorer naturellement, ce qui indique que les fruits sont en train de m\u00fbrir et que la maturit\u00e9 est atteinte. Outre les pr\u00e9cipitations excessives et les temp\u00e9ratures insuffisamment chaudes, ce sont surtout les oiseaux, les insectes, les petits animaux comme les li\u00e8vres et les h\u00e9rissons, mais aussi les quadrup\u00e8des comme les renards et les sangliers, qui constituent d\u00e9sormais les plus grands dangers pour les vignes.   <\/p>\n\n<figure class=\"wp-block-image size-large\" style=\"margin-top:20px;margin-bottom:20px\"><img loading=\"lazy\" decoding=\"async\" width=\"1024\" height=\"576\" src=\"https:\/\/www.mathier.com\/wp-content\/uploads\/2024\/08\/rebjahr_herbst_september-1024x576.jpg\" alt=\"Ann&#xE9;e viticole en septembre, raisins m&#xFB;rs et vignobles color&#xE9;s\" class=\"wp-image-1584\" srcset=\"https:\/\/www.mathier.com\/wp-content\/uploads\/2024\/08\/rebjahr_herbst_september-1024x576.jpg 1024w, https:\/\/www.mathier.com\/wp-content\/uploads\/2024\/08\/rebjahr_herbst_september-300x169.jpg 300w, https:\/\/www.mathier.com\/wp-content\/uploads\/2024\/08\/rebjahr_herbst_september-768x432.jpg 768w, https:\/\/www.mathier.com\/wp-content\/uploads\/2024\/08\/rebjahr_herbst_september-1536x864.jpg 1536w, https:\/\/www.mathier.com\/wp-content\/uploads\/2024\/08\/rebjahr_herbst_september.jpg 1920w\" sizes=\"(max-width: 1024px) 100vw, 1024px\" \/><\/figure>\n\n<h3 class=\"wp-block-heading\" style=\"padding-top:1rem;font-size:1.5rem\">Octobre<\/h3>\n\n<p>Le moment des vendanges est arriv\u00e9 ; le viticulteur peut r\u00e9colter les premiers fruits &#8211; au sens propre du terme &#8211; de son dur labeur. Les feuilles commencent \u00e0 changer de couleur, signe que les raisins ont atteint leur pleine maturit\u00e9. Selon les conditions m\u00e9t\u00e9orologiques et les temp\u00e9ratures, le moment de la v\u00e9raison peut varier consid\u00e9rablement dans le temps. Les viticulteurs assidus s&rsquo;attaquent maintenant au dernier gros morceau de travail. La r\u00e9colte doit \u00eatre apport\u00e9e si possible par temps sec, car la pluie fait baisser le poids du mo\u00fbt jusqu&rsquo;\u00e0 6o Oechsle. Les vendanges sont s\u00e9par\u00e9es, c&rsquo;est-\u00e0-dire que les baies saines sont s\u00e9par\u00e9es des baies malades.     <\/p>\n\n<h3 class=\"wp-block-heading\" style=\"padding-top:1rem;font-size:1.5rem\">Novembre<\/h3>\n\n<p>Alors que le noble jus de raisin est transform\u00e9 en cave pour donner le meilleur de lui-m\u00eame, les vignes perdent leurs feuilles et entrent en repos hivernal. Le viticulteur profite de cette p\u00e9riode pour effectuer les travaux de terrassement, d&rsquo;arrachage, de contr\u00f4le et de r\u00e9paration n\u00e9cessaires dans le <a href=\"https:\/\/www.mathier.com\/fr\/vignobles\/\">vignoble<\/a>. La production int\u00e9gr\u00e9e exige \u00e9galement la pr\u00e9servation et l&rsquo;entretien des formes paysag\u00e8res du vignoble. Le vignoble et ses environs imm\u00e9diats constituent un habitat important pour de nombreuses esp\u00e8ces animales, y compris de pr\u00e9cieux auxiliaires et diverses esp\u00e8ces v\u00e9g\u00e9tales. Ces biotopes tr\u00e8s diff\u00e9rents font \u00e9galement partie int\u00e9grante du paysage viticole. Une attention particuli\u00e8re doit \u00eatre accord\u00e9e \u00e0 l&rsquo;entretien des biotopes existants et \u00e0 la cr\u00e9ation de nouvelles zones riches en biodiversit\u00e9. Avant l&rsquo;arriv\u00e9e de l&rsquo;hiver, les anciennes plantations sont enlev\u00e9es et les sols sont pr\u00e9par\u00e9s pour les nouvelles plantations du printemps.      <\/p>\n\n<figure class=\"wp-block-image size-large\" style=\"margin-top:20px;margin-bottom:20px\"><img loading=\"lazy\" decoding=\"async\" width=\"1024\" height=\"576\" src=\"https:\/\/www.mathier.com\/wp-content\/uploads\/2024\/08\/rebjahr_herbst_november-1024x576.jpg\" alt=\"Ann&#xE9;e viticole en novembre, vignobles apr&#xE8;s les vendanges avec des vignes d&#xE9;nud&#xE9;es\" class=\"wp-image-1618\" srcset=\"https:\/\/www.mathier.com\/wp-content\/uploads\/2024\/08\/rebjahr_herbst_november-1024x576.jpg 1024w, https:\/\/www.mathier.com\/wp-content\/uploads\/2024\/08\/rebjahr_herbst_november-300x169.jpg 300w, https:\/\/www.mathier.com\/wp-content\/uploads\/2024\/08\/rebjahr_herbst_november-768x432.jpg 768w, https:\/\/www.mathier.com\/wp-content\/uploads\/2024\/08\/rebjahr_herbst_november-1536x864.jpg 1536w, https:\/\/www.mathier.com\/wp-content\/uploads\/2024\/08\/rebjahr_herbst_november.jpg 1920w\" sizes=\"(max-width: 1024px) 100vw, 1024px\" \/><\/figure>\n\n<h3 class=\"wp-block-heading\" style=\"padding-top:1rem;font-size:1.5rem\">D\u00e9cembre<\/h3>\n\n<p>L&rsquo;hiver est d\u00e9finitivement arriv\u00e9 et avec lui le froid et la neige. Il est g\u00e9n\u00e9ralement trop humide pour les travaux de sol, qui sont g\u00e9n\u00e9ralement achev\u00e9s en janvier. Il reste du temps pour l&rsquo;achat de nouveaux mat\u00e9riaux et outils, l&rsquo;analyse pr\u00e9cise des \u00e9chantillons de sol et l&rsquo;\u00e9laboration d&rsquo;un plan d&rsquo;action pour la prochaine ann\u00e9e viticole.  <\/p>\n\n<figure class=\"wp-block-image size-large\" style=\"margin-top:20px;margin-bottom:20px\"><img loading=\"lazy\" decoding=\"async\" width=\"1024\" height=\"576\" src=\"https:\/\/www.mathier.com\/wp-content\/uploads\/2024\/08\/rebjahr_winter_dezember-1024x576.jpg\" alt=\"Ann&#xE9;e viticole en d&#xE9;cembre, vignobles enneig&#xE9;s avec des vignes d&#xE9;nud&#xE9;es\" class=\"wp-image-1594\" srcset=\"https:\/\/www.mathier.com\/wp-content\/uploads\/2024\/08\/rebjahr_winter_dezember-1024x576.jpg 1024w, https:\/\/www.mathier.com\/wp-content\/uploads\/2024\/08\/rebjahr_winter_dezember-300x169.jpg 300w, https:\/\/www.mathier.com\/wp-content\/uploads\/2024\/08\/rebjahr_winter_dezember-768x432.jpg 768w, https:\/\/www.mathier.com\/wp-content\/uploads\/2024\/08\/rebjahr_winter_dezember-1536x864.jpg 1536w, https:\/\/www.mathier.com\/wp-content\/uploads\/2024\/08\/rebjahr_winter_dezember.jpg 1920w\" sizes=\"(max-width: 1024px) 100vw, 1024px\" \/><\/figure>\n\n<hr class=\"wp-block-separator has-alpha-channel-opacity is-style-wide\" style=\"margin-top:2.5rem;margin-bottom:1.5rem\"\/>\n\n<h3 class=\"wp-block-heading\" style=\"padding-top:1rem;font-size:1.5rem\">FAQ :<\/h3>\n\n<h4 class=\"wp-block-heading\" style=\"font-size:1.13rem\">Quand commence l&rsquo;ann\u00e9e viticole ?<\/h4>\n\n<p>Le d\u00e9but d&rsquo;une ann\u00e9e viticole calendaire est le mois de janvier et la fin de l&rsquo;ann\u00e9e viticole est le mois de d\u00e9cembre. Mais en fait, il n&rsquo;y a ni d\u00e9but ni fin \u00e0 cette ann\u00e9e, car les travaux dans les installations sont cycliques et se r\u00e9p\u00e8tent au-del\u00e0 d&rsquo;une ann\u00e9e viticole. Et m\u00eame lorsque les vendanges sont termin\u00e9es et qu&rsquo;apr\u00e8s l&rsquo;automne, l&rsquo;hiver est arriv\u00e9 et que les vignes entrent en dormance, le viticulteur a encore de nombreux travaux \u00e0 effectuer. Apr\u00e8s les vendanges, ces travaux se concentrent principalement sur la cave, o\u00f9 la qualit\u00e9 et les caract\u00e9ristiques futures du vin peuvent \u00eatre influenc\u00e9es par l&rsquo;\u00e9levage du vin.   <\/p>\n\n<h4 class=\"wp-block-heading\" style=\"padding-top:1rem;font-size:1.13rem\">Pourquoi est-il important d&rsquo;enlever le feuillage pour la maturit\u00e9 des raisins ?<\/h4>\n\n<p>Pour que les raisins puissent m\u00fbrir de mani\u00e8re optimale dans les diff\u00e9rents terroirs, il est important, \u00e0 partir d&rsquo;un certain moment et en vue des vendanges, que le feuillage soit au moins \u00e9clairci. Le feuillage peut soit influencer le rayonnement solaire et donc le processus de formation de sucre dans le raisin. D&rsquo;autre part, en cas de pr\u00e9cipitations, le feuillage peut absorber l&rsquo;humidit\u00e9 et la transmettre au raisin, ce qui entra\u00eene un risque de pourriture. Cela peut avoir un effet n\u00e9gatif sur la r\u00e9colte de raisin en automne et sur la qualit\u00e9 du raisin.   <\/p>\n\n<h4 class=\"wp-block-heading\" style=\"padding-top:1rem;font-size:1.13rem\">Combien de fois par ann\u00e9e viticole le viticulteur doit-il s&rsquo;occuper de l&rsquo;entretien des vignes ?<\/h4>\n\n<p>Le viticulteur doit s&rsquo;occuper de ses vignes et de ses terroirs tout au long de l&rsquo;ann\u00e9e. Il est important que le viticulteur prenne soin des vignes dans les terroirs afin qu&rsquo;au moment des vendanges, les baies soient d&rsquo;une qualit\u00e9 parfaite pour \u00eatre ensuite vinifi\u00e9es en cave en un vin sophistiqu\u00e9. <\/p>\n\n<h4 class=\"wp-block-heading\" style=\"padding-top:1rem;font-size:1.13rem\">Que se passe-t-il dans l&rsquo;ann\u00e9e viticole au moment de la floraison ?<\/h4>\n\n<p>Au d\u00e9but du printemps, au moment de la floraison, la vigne commence \u00e0 pousser et \u00e0 former des inflorescences. Chaque inflorescence se transforme alors en grappe de raisins. Chaque fleur doit \u00eatre pollinis\u00e9e pour devenir un grain de raisin. Contrairement aux autres plantes, la vigne est autopollinisatrice et n&rsquo;a donc pas besoin d&rsquo;attirer les insectes. Sans la fleur, il n&rsquo;y aurait pas de vendange.    <\/p>\n\n<h4 class=\"wp-block-heading\" style=\"padding-top:1rem;font-size:1.13rem\">Comment le viticulteur assure-t-il la protection des oiseaux ?<\/h4>\n\n<p>La protection des oiseaux est un point important pour prot\u00e9ger les baies m\u00fbres des oiseaux juste avant les vendanges. Il existe toute une s\u00e9rie de mesures. La protection la plus efficace contre les oiseaux est sans aucun doute la pose de filets, \u00e9galement appel\u00e9s filets de vigne. D&rsquo;autres moyens possibles de protection des oiseaux sont l&rsquo;utilisation d&rsquo;\u00e9pouvantails. Le viticulteur peut \u00e9galement utiliser des appareils acoustiques qui \u00e9mettent des cris d&rsquo;oiseaux et \u00e9loignent d&#8217;embl\u00e9e les oiseaux qui aiment manger les baies m\u00fbres.    <\/p>\n\n<h4 class=\"wp-block-heading\" style=\"padding-top:1rem;font-size:1.13rem\">Pourquoi les pousses sont-elles enlev\u00e9es en mai ?<\/h4>\n\n<p>En mai, le viticulteur supprime la ou les pousses dans le but de r\u00e9guler ult\u00e9rieurement la r\u00e9colte. Maintenant, au printemps, les pousses et les rejets poussent rapidement. Si l&rsquo;on ne supprimait pas la pousse individuelle, on obtiendrait une grande quantit\u00e9 de rendement avec une qualit\u00e9 moindre lors de la r\u00e9colte des raisins en automne. Ce n&rsquo;est pas souhaitable et c&rsquo;est pourquoi on proc\u00e8de \u00e0 ce que l&rsquo;on appelle la \u00ab\u00a0torture\u00a0\u00bb de la vigne en \u00e9liminant les pousses superflues. Cette op\u00e9ration d&rsquo;\u00e9limination des pousses non souhait\u00e9es est essentielle dans le cadre des soins prodigu\u00e9s au mois de mai et permet de r\u00e9guler la r\u00e9colte afin d&rsquo;obtenir un vin dont la qualit\u00e9 peut \u00eatre qualifi\u00e9e d&rsquo;excellente \u00e0 l&rsquo;automne.    <\/p>\n\n<h4 class=\"wp-block-heading\" style=\"padding-top:1rem;font-size:1.13rem\">Quelle est l&rsquo;influence de la m\u00e9t\u00e9o sur la r\u00e9colte et la qualit\u00e9 des vins ?<\/h4>\n\n<p>Le temps d\u00e9termine l&rsquo;\u00e9volution des conditions m\u00e9t\u00e9orologiques au cours de l&rsquo;ann\u00e9e viticole et a donc la plus grande influence sur la croissance de la vigne, la floraison, la formation des baies et donc sur la r\u00e9colte des raisins, \u00e9galement appel\u00e9e vendange. Un temps trop froid ralentit la croissance de la vigne et du raisin. Les baies ne peuvent pas m\u00fbrir suffisamment et le taux d&rsquo;acidit\u00e9 reste trop \u00e9lev\u00e9. Un temps trop chaud, quant \u00e0 lui, risque d&rsquo;entra\u00eener une maturation et une r\u00e9colte pr\u00e9matur\u00e9es, les baies pr\u00e9sentant alors un d\u00e9s\u00e9quilibre entre l&rsquo;acidit\u00e9 et le sucre. Un temps r\u00e9g\u00e9n\u00e9rateur peut provoquer des maladies fongiques, lessiver le sol et entra\u00eener une dilution des ar\u00f4mes dans les grappes, ce qui est \u00e9galement d\u00e9favorable \u00e0 la r\u00e9colte.    <\/p>\n\n<h4 class=\"wp-block-heading\" style=\"padding-top:1rem;font-size:1.13rem\">Pourquoi le plein \u00e9t\u00e9, avec juillet et ao\u00fbt, est-il aussi appel\u00e9 \u00ab\u00a0v\u00e9raison\u00a0\u00bb ?<\/h4>\n\n<p>Au milieu d&rsquo;une ann\u00e9e viticole, un \u00e9v\u00e9nement d\u00e9cisif se produit dans les rangs des vignes. En juillet et en ao\u00fbt, les raisins ont atteint une taille suffisante pour commencer \u00e0 m\u00fbrir. Ce processus commence en juillet et en ao\u00fbt avec la v\u00e9raison. Il s&rsquo;agit du moment o\u00f9 le raisin perd sa couleur. Vert au d\u00e9but, un raisin blanc devient jaune dor\u00e9, un raisin fonc\u00e9 devient rouge puis violet. La v\u00e9raison en juillet et ao\u00fbt est essentielle pour r\u00e9colter des raisins m\u00fbrs lors des vendanges d&rsquo;automne.     <\/p>\n\n<h4 class=\"wp-block-heading\" style=\"padding-top:1rem;font-size:1.13rem\">Pourquoi les pousses sont-elles attach\u00e9es au fil de fer ?<\/h4>\n\n<p>Les pousses sont attach\u00e9es \u00e0 un fil de fer dans le cadre des soins apport\u00e9s par le viticulteur \u00e0 son vignoble, afin que celui-ci puisse indiquer la direction de la croissance ult\u00e9rieure. L&rsquo;attachement des pousses au fil de fer a lieu pour que la pousse puisse continuer \u00e0 pousser vers le haut dans la direction souhait\u00e9e, afin de pouvoir former plus tard les raisins. Le liage est \u00e9galement appel\u00e9 bouclage ou agrafage. Ce processus a lieu \u00e0 chaque fois que les pousses atteignent le fil de suture le plus \u00e9lev\u00e9, elles sont alors boucl\u00e9es ou attach\u00e9es.   <\/p>\n\n<h4 class=\"wp-block-heading\" style=\"padding-top:1rem;font-size:1.13rem\">Les travaux dans les vignobles concernent-ils tous les rangs et toutes les vari\u00e9t\u00e9s ?<\/h4>\n\n<p>Oui, les travaux de la vigne concernent tous les rangs de vignes et doivent \u00eatre effectu\u00e9s ind\u00e9pendamment du c\u00e9page. Il y a des c\u00e9pages qui sont moins sensibles aux conditions climatiques ext\u00e9rieures, il y a aussi toute une s\u00e9rie de c\u00e9pages qui sont tr\u00e8s sensibles \u00e0 la moindre incoh\u00e9rence. Le viticulteur doit donc entreprendre toute une s\u00e9rie de travaux dans tous les sites et vignobles s&rsquo;il veut s&rsquo;assurer de pouvoir r\u00e9colter la quantit\u00e9 et la qualit\u00e9 de vin souhait\u00e9es en septembre et octobre, lorsque les vendanges sont pr\u00e9vues.  <\/p>\n\n<p><\/p>\n","protected":false},"excerpt":{"rendered":"<p>L&rsquo;ann\u00e9e viticole se d\u00e9roule diff\u00e9remment en fonction des conditions m\u00e9t\u00e9orologiques. Les viticulteurs ont besoin d&rsquo;exp\u00e9rience, de patience et de flexibilit\u00e9. <\/p>\n","protected":false},"author":3,"featured_media":1583,"comment_status":"closed","ping_status":"closed","sticky":false,"template":"","format":"standard","meta":{"footnotes":""},"categories":[161],"tags":[174],"class_list":["post-4376","post","type-post","status-publish","format-standard","has-post-thumbnail","hentry","category-magazine-du-vin","tag-vignes"],"_links":{"self":[{"href":"https:\/\/www.mathier.com\/fr\/wp-json\/wp\/v2\/posts\/4376","targetHints":{"allow":["GET"]}}],"collection":[{"href":"https:\/\/www.mathier.com\/fr\/wp-json\/wp\/v2\/posts"}],"about":[{"href":"https:\/\/www.mathier.com\/fr\/wp-json\/wp\/v2\/types\/post"}],"author":[{"embeddable":true,"href":"https:\/\/www.mathier.com\/fr\/wp-json\/wp\/v2\/users\/3"}],"replies":[{"embeddable":true,"href":"https:\/\/www.mathier.com\/fr\/wp-json\/wp\/v2\/comments?post=4376"}],"version-history":[{"count":8,"href":"https:\/\/www.mathier.com\/fr\/wp-json\/wp\/v2\/posts\/4376\/revisions"}],"predecessor-version":[{"id":19090,"href":"https:\/\/www.mathier.com\/fr\/wp-json\/wp\/v2\/posts\/4376\/revisions\/19090"}],"wp:featuredmedia":[{"embeddable":true,"href":"https:\/\/www.mathier.com\/fr\/wp-json\/wp\/v2\/media\/1583"}],"wp:attachment":[{"href":"https:\/\/www.mathier.com\/fr\/wp-json\/wp\/v2\/media?parent=4376"}],"wp:term":[{"taxonomy":"category","embeddable":true,"href":"https:\/\/www.mathier.com\/fr\/wp-json\/wp\/v2\/categories?post=4376"},{"taxonomy":"post_tag","embeddable":true,"href":"https:\/\/www.mathier.com\/fr\/wp-json\/wp\/v2\/tags?post=4376"}],"curies":[{"name":"wp","href":"https:\/\/api.w.org\/{rel}","templated":true}]}}