{"id":4386,"date":"2025-01-06T07:56:53","date_gmt":"2025-01-06T06:56:53","guid":{"rendered":"https:\/\/www.mathier.com\/?p=4386"},"modified":"2026-02-23T09:01:46","modified_gmt":"2026-02-23T08:01:46","slug":"rebjahr-2022","status":"publish","type":"post","link":"https:\/\/www.mathier.com\/fr\/blog\/rebjahr-2022\/","title":{"rendered":"Ann\u00e9e viticole 2022"},"content":{"rendered":"\n<h2 class=\"wp-block-heading\" style=\"font-size:1.75rem\">Impressions des vignobles valaisans<\/h2>\n\n<figure class=\"wp-block-embed is-type-video is-provider-youtube wp-block-embed-youtube wp-embed-aspect-16-9 wp-has-aspect-ratio\"><div class=\"wp-block-embed__wrapper\">\n<iframe title=\"MATHIER TV | Rebjahr 2022 | DE\" width=\"800\" height=\"450\" src=\"https:\/\/www.youtube.com\/embed\/9igxXpEGj_o?feature=oembed\" frameborder=\"0\" allow=\"accelerometer; autoplay; clipboard-write; encrypted-media; gyroscope; picture-in-picture; web-share\" referrerpolicy=\"strict-origin-when-cross-origin\" allowfullscreen><\/iframe>\n<\/div><\/figure>\n\n<h2 class=\"wp-block-heading\" style=\"padding-top:1.75rem;font-size:1.75rem\">Chers amis de la maison Mathier<\/h2>\n\n<p>Nous sommes ici au Domaine de l&rsquo;Ambassadeur \u00e0 Salquenen. Un de nos plus beaux vignobles, qui nous appartient depuis des g\u00e9n\u00e9rations. Nous souhaitons d\u00e9sormais commencer par des messages vid\u00e9o. Dans le message d&rsquo;aujourd&rsquo;hui, je vous parle de l&rsquo;ann\u00e9e viticole 2022. Cette ann\u00e9e, nous n&rsquo;avons pas eu de gel. Les temp\u00e9ratures, surtout en mai, ont \u00e9t\u00e9 tr\u00e8s \u00e9lev\u00e9es. Les vignes ont pouss\u00e9 tr\u00e8s vite et nous avons eu du mal \u00e0 suivre le travail, mais en unissant nos forces, nous tenons le calendrier. Nous sommes maintenant le 30 juin et toutes les vignes sont d\u00e9j\u00e0 pr\u00eates, effeuill\u00e9es, nettoy\u00e9es, taill\u00e9es et pr\u00e9par\u00e9es pour l&rsquo;\u00e9t\u00e9. Nous sommes extr\u00eamement en avance et nous nous r\u00e9jouissons de passer un \u00e9t\u00e9 magnifique. Nous avons le sentiment que nous allons pouvoir r\u00e9colter une belle quantit\u00e9 de raisins. Demain, le 1er juillet, nous commencerons \u00e0 r\u00e9guler la r\u00e9colte afin que les jus qui arriveront \u00e0 la cave soient les plus concentr\u00e9s possible. Nous nous attendons \u00e0 une r\u00e9colte pr\u00e9coce. Fin ao\u00fbt\/d\u00e9but septembre, le village commencera d\u00e9j\u00e0 \u00e0 \u00ab\u00a0fermenter\u00a0\u00bb et les vins se r\u00e9pandront gustativement dans le village.            <\/p>\n\n<p>Venez nous rendre visite ! Nous avons un <a href=\"https:\/\/www.mathier.com\/fr\/bnb-veritas\/\">magnifique BnB Vino Veritas<\/a>. Passez un peu de temps avec nous, savourez un d\u00e9licieux repas au restaurant Barrique et <a href=\"https:\/\/www.mathier.com\/fr\/degustation-de-vin-en-suisse\/\">d\u00e9gustez les vins<\/a> de l&rsquo;ann\u00e9e derni\u00e8re. Nous nous r\u00e9jouissons ! \u00e0 bient\u00f4t, \u00e0 bient\u00f4t et merci beaucoup.    <\/p>\n","protected":false},"excerpt":{"rendered":"<p>L&rsquo;ann\u00e9e viticole 2022 a \u00e9t\u00e9 exempte de gel, marqu\u00e9e par des temp\u00e9ratures \u00e9lev\u00e9es, notamment en mai, qui ont favoris\u00e9 la croissance des vignes.<\/p>\n","protected":false},"author":3,"featured_media":12373,"comment_status":"closed","ping_status":"closed","sticky":false,"template":"","format":"standard","meta":{"footnotes":""},"categories":[161],"tags":[174],"class_list":["post-4386","post","type-post","status-publish","format-standard","has-post-thumbnail","hentry","category-magazine-du-vin","tag-vignes"],"_links":{"self":[{"href":"https:\/\/www.mathier.com\/fr\/wp-json\/wp\/v2\/posts\/4386","targetHints":{"allow":["GET"]}}],"collection":[{"href":"https:\/\/www.mathier.com\/fr\/wp-json\/wp\/v2\/posts"}],"about":[{"href":"https:\/\/www.mathier.com\/fr\/wp-json\/wp\/v2\/types\/post"}],"author":[{"embeddable":true,"href":"https:\/\/www.mathier.com\/fr\/wp-json\/wp\/v2\/users\/3"}],"replies":[{"embeddable":true,"href":"https:\/\/www.mathier.com\/fr\/wp-json\/wp\/v2\/comments?post=4386"}],"version-history":[{"count":6,"href":"https:\/\/www.mathier.com\/fr\/wp-json\/wp\/v2\/posts\/4386\/revisions"}],"predecessor-version":[{"id":19174,"href":"https:\/\/www.mathier.com\/fr\/wp-json\/wp\/v2\/posts\/4386\/revisions\/19174"}],"wp:featuredmedia":[{"embeddable":true,"href":"https:\/\/www.mathier.com\/fr\/wp-json\/wp\/v2\/media\/12373"}],"wp:attachment":[{"href":"https:\/\/www.mathier.com\/fr\/wp-json\/wp\/v2\/media?parent=4386"}],"wp:term":[{"taxonomy":"category","embeddable":true,"href":"https:\/\/www.mathier.com\/fr\/wp-json\/wp\/v2\/categories?post=4386"},{"taxonomy":"post_tag","embeddable":true,"href":"https:\/\/www.mathier.com\/fr\/wp-json\/wp\/v2\/tags?post=4386"}],"curies":[{"name":"wp","href":"https:\/\/api.w.org\/{rel}","templated":true}]}}